{"id":19226,"date":"2017-03-18T10:30:11","date_gmt":"2017-03-18T13:30:11","guid":{"rendered":"http:\/\/www.alquilerargentina.com\/blog\/?p=19226"},"modified":"2017-03-10T10:52:38","modified_gmt":"2017-03-10T13:52:38","slug":"excursiones-y-paseos-para-el-finde-largo-de-marzo","status":"publish","type":"post","link":"https:\/\/www.alquilerargentina.com\/blog\/paseos-y-excursiones\/excursiones-y-paseos-para-el-finde-largo-de-marzo.html","title":{"rendered":"Excursiones y paseos para el finde largo de marzo"},"content":{"rendered":"<p style=\"text-align: justify;\"><em>Cuando llega un fin de semana largo, comienzan a surgir\u00a0 las ganas de descansar, renovar energ\u00edas, viajar, realizar paseos e incluso <strong>excursiones,<\/strong> para disfrutar de unos d\u00edas diferentes en familia o con amigos.<\/em><\/p>\n<p style=\"text-align: justify;\">Si bien 3 d\u00edas es muy poco para tomarse un descanso lejos de la ciudad donde viv\u00eds,\u00a0 en esta nota te mostramos tres<strong> excursiones<\/strong> para el <em>finde largo de marzo.<\/em><\/p>\n<h2 style=\"text-align: justify;\">Aventura en Los Gigantes<\/h2>\n<p style=\"text-align: justify;\">En la regi\u00f3n centro-oeste de la provincia de <a href=\"http:\/\/www.alquilerargentina.com\/C\u00f3rdoba\/?utm_source=alquilerargentina&amp;utm_medium=blog&amp;utm_campaign=destinos_verano_c\u00f3rdoba\" target=\"_blank\"><strong>C\u00f3rdoba,<\/strong><\/a> se encuentra un sistema monta\u00f1oso conocido como <strong>Los Gigantes,<\/strong> dentro de las denominadas Sierras Grandes. Es el l\u00edmite norte de la Pampa de Achala, a quien pertenece, y junto a ella, conforman las conocidas Altas Cumbres.<\/p>\n<p style=\"text-align: justify;\"><a ref=\"magnificPopup\" href=\"http:\/\/www.alquilerargentina.com\/blog\/wp-content\/uploads\/2017\/03\/Excursiones-y-paseos-para-el-finde-largo-de-marzo-los-gigantes1.jpg\"><img loading=\"lazy\" decoding=\"async\" class=\"alignnone wp-image-19236 size-full\" src=\"http:\/\/www.alquilerargentina.com\/blog\/wp-content\/uploads\/2017\/03\/Excursiones-y-paseos-para-el-finde-largo-de-marzo-los-gigantes1.jpg\" width=\"785\" height=\"360\" srcset=\"https:\/\/blog3.alquilerargentina.com\/wp-content\/uploads\/2017\/03\/Excursiones-y-paseos-para-el-finde-largo-de-marzo-los-gigantes1.jpg 785w, https:\/\/blog3.alquilerargentina.com\/wp-content\/uploads\/2017\/03\/Excursiones-y-paseos-para-el-finde-largo-de-marzo-los-gigantes1-300x138.jpg 300w, https:\/\/blog3.alquilerargentina.com\/wp-content\/uploads\/2017\/03\/Excursiones-y-paseos-para-el-finde-largo-de-marzo-los-gigantes1-768x352.jpg 768w\" sizes=\"(max-width: 785px) 100vw, 785px\" \/><\/a><\/p>\n<p style=\"text-align: justify;\">Esta excursi\u00f3n es perfecta para aquellos grupos de amigos o familias que aman la aventura, acampar bajo las estrellas y disfrutar del aire libre y la naturaleza. Adem\u00e1s Los Gigantes est\u00e1n a tan solo 50 km de la ciudad de <a href=\"http:\/\/www.alquilerargentina.com\/C\u00f3rdoba\/Villa-Carlos-Paz\/?utm_source=alquilerargentina&amp;utm_medium=blog&amp;utm_campaign=destinos_verano_villacarlospaz\" target=\"_blank\">Villa Carlos Paz,<\/a> por lo que si no est\u00e1 en tus planes pasar la noche en las sierras, una buena alternativa es hacer una caminata durante el d\u00eda, y luego recorrer la villa m\u00e1s popular del <a href=\"http:\/\/www.alquilerargentina.com\/C\u00f3rdoba\/Valle-De-Punilla\/?utm_source=alquilerargentina&amp;utm_medium=blog&amp;utm_campaign=destinos_verano_valledepunilla\" target=\"_blank\">Valle de Punilla.<\/a><\/p>\n<p style=\"text-align: justify;\"><a ref=\"magnificPopup\" href=\"http:\/\/www.alquilerargentina.com\/blog\/wp-content\/uploads\/2017\/03\/Excursiones-y-paseos-para-el-finde-largo-de-marzo-los-gigantes.jpg\"><img loading=\"lazy\" decoding=\"async\" class=\"alignnone wp-image-19237 size-full\" src=\"http:\/\/www.alquilerargentina.com\/blog\/wp-content\/uploads\/2017\/03\/Excursiones-y-paseos-para-el-finde-largo-de-marzo-los-gigantes.jpg\" width=\"785\" height=\"360\" srcset=\"https:\/\/blog3.alquilerargentina.com\/wp-content\/uploads\/2017\/03\/Excursiones-y-paseos-para-el-finde-largo-de-marzo-los-gigantes.jpg 785w, https:\/\/blog3.alquilerargentina.com\/wp-content\/uploads\/2017\/03\/Excursiones-y-paseos-para-el-finde-largo-de-marzo-los-gigantes-300x138.jpg 300w, https:\/\/blog3.alquilerargentina.com\/wp-content\/uploads\/2017\/03\/Excursiones-y-paseos-para-el-finde-largo-de-marzo-los-gigantes-768x352.jpg 768w\" sizes=\"(max-width: 785px) 100vw, 785px\" \/><\/a><\/p>\n<p style=\"text-align: justify;\">En Los Gigantes vas a vivir una aventura \u00fanica, donde te internas entre quebradas y senderos incre\u00edbles. Para que tengas en cuenta, esta excursi\u00f3n es de exigencia moderada, lo que implica que muchas personas, de diferentes edades y condiciones f\u00edsicas, la podr\u00e1n hacer.<\/p>\n<p style=\"text-align: justify;\"><a href=\"http:\/\/www.alquilerargentina.com\/C\u00f3rdoba\/Valle-De-Punilla\/?utm_source=alquilerargentina&amp;utm_medium=blog&amp;utm_campaign=destinos_verano_valledepunilla\" target=\"_blank\">Encontr\u00e1 alojamientos dentro del <strong><span style=\"color: #ff6600;\">Valle de Punilla,<\/span><\/strong> y reserv\u00e1 con anticipaci\u00f3n<\/a><\/p>\n<h2 style=\"text-align: justify;\">Un city tour por Buenos Aires<\/h2>\n<p style=\"text-align: justify;\">En la cosmopolita <a href=\"http:\/\/www.alquilerargentina.com\/Buenos-Aires\/?utm_source=alquilerargentina&amp;utm_medium=blog&amp;utm_campaign=destinos_verano_buenosaires\" target=\"_blank\"><strong>Buenos Aires<\/strong><\/a> siempre hay lugares por conocer y actividades para realizar. Una buena idea es hacer un <strong>City Tour<\/strong> recorriendo plazas, parques, calles, barrios y puntos tur\u00edsticos e hist\u00f3ricos de la ciudad.<\/p>\n<p style=\"text-align: justify;\"><a ref=\"magnificPopup\" href=\"http:\/\/www.alquilerargentina.com\/blog\/wp-content\/uploads\/2017\/03\/Excursiones-y-paseos-para-el-finde-largo-de-marzo-caminito.jpg\"><img loading=\"lazy\" decoding=\"async\" class=\"alignnone wp-image-19238 size-full\" src=\"http:\/\/www.alquilerargentina.com\/blog\/wp-content\/uploads\/2017\/03\/Excursiones-y-paseos-para-el-finde-largo-de-marzo-caminito.jpg\" width=\"785\" height=\"360\" srcset=\"https:\/\/blog3.alquilerargentina.com\/wp-content\/uploads\/2017\/03\/Excursiones-y-paseos-para-el-finde-largo-de-marzo-caminito.jpg 785w, https:\/\/blog3.alquilerargentina.com\/wp-content\/uploads\/2017\/03\/Excursiones-y-paseos-para-el-finde-largo-de-marzo-caminito-300x138.jpg 300w, https:\/\/blog3.alquilerargentina.com\/wp-content\/uploads\/2017\/03\/Excursiones-y-paseos-para-el-finde-largo-de-marzo-caminito-768x352.jpg 768w\" sizes=\"(max-width: 785px) 100vw, 785px\" \/><\/a><\/p>\n<p style=\"text-align: justify;\">Durante el recorrido del City Tour se realizan paradas en la <strong>Plaza de Mayo, Casa de Gobierno<\/strong> y la t\u00edpica calle <strong>Caminito del Barrio<\/strong> <strong>de La Boca<\/strong>. Adem\u00e1s de conocer barrios emblem\u00e1ticos como <strong>San Telmo, Puerto Madero, <a href=\"http:\/\/www.alquilerargentina.com\/Buenos-Aires\/Capital-Federal\/_I:retiro\/?utm_source=alquilerargentina&amp;utm_medium=blog&amp;utm_campaign=destinos_verano_retiro\" target=\"_blank\">Retiro,<\/a><a href=\"http:\/\/www.alquilerargentina.com\/Buenos-Aires\/Capital-Federal\/_I:palermo\/?utm_source=alquilerargentina&amp;utm_medium=blog&amp;utm_campaign=destinos_verano_palermo\" target=\"_blank\"> Palermo <\/a><\/strong>y<strong> <a href=\"http:\/\/www.alquilerargentina.com\/Buenos-Aires\/Capital-Federal\/_I:recoleta\/?utm_source=alquilerargentina&amp;utm_medium=blog&amp;utm_campaign=destinos_verano_recoleta\" target=\"_blank\">Recoleta<\/a><\/strong><\/p>\n<p style=\"text-align: justify;\">Este tour es ideal para realizarlo en familia, especialmente para aquellos que a\u00fan no conocen la ciudad. La duraci\u00f3n del mismo es de aproximadamente tres horas y media, y podr\u00e1s viajar en modernos y confortables veh\u00edculos que te pasar\u00e1n a buscar por el alojamiento donde te te est\u00e9s hospedando.<\/p>\n<p style=\"text-align: justify;\"><a ref=\"magnificPopup\" href=\"http:\/\/www.alquilerargentina.com\/blog\/wp-content\/uploads\/2017\/03\/Excursiones-y-paseos-para-el-finde-largo-de-marzo-citytour.jpg\"><img loading=\"lazy\" decoding=\"async\" class=\"alignnone wp-image-19239 size-full\" src=\"http:\/\/www.alquilerargentina.com\/blog\/wp-content\/uploads\/2017\/03\/Excursiones-y-paseos-para-el-finde-largo-de-marzo-citytour.jpg\" width=\"785\" height=\"360\" srcset=\"https:\/\/blog3.alquilerargentina.com\/wp-content\/uploads\/2017\/03\/Excursiones-y-paseos-para-el-finde-largo-de-marzo-citytour.jpg 785w, https:\/\/blog3.alquilerargentina.com\/wp-content\/uploads\/2017\/03\/Excursiones-y-paseos-para-el-finde-largo-de-marzo-citytour-300x138.jpg 300w, https:\/\/blog3.alquilerargentina.com\/wp-content\/uploads\/2017\/03\/Excursiones-y-paseos-para-el-finde-largo-de-marzo-citytour-768x352.jpg 768w\" sizes=\"(max-width: 785px) 100vw, 785px\" \/><\/a><\/p>\n<p style=\"text-align: justify;\"><a href=\"http:\/\/www.alquilerargentina.com\/Buenos-Aires\/?utm_source=alquilerargentina&amp;utm_medium=blog&amp;utm_campaign=destinos_verano_buenosaires\" target=\"_blank\">Alojamientos en <span style=\"color: #ff6600;\"><strong>Buenos Aires<\/strong><\/span>, para que reserves tu estad\u00eda para el finde largo de marzo<\/a><\/p>\n<h2 style=\"text-align: justify;\">El tradicional camino de los artesanos en Salta<\/h2>\n<p style=\"text-align: justify;\">La provincia de\u00a0<strong><a href=\"http:\/\/www.alquilerargentina.com\/Salta\/?utm_source=alquilerargentina&amp;utm_medium=blog&amp;utm_campaign=destinos_verano_salta\" target=\"_blank\">Salta<\/a>\u00a0<\/strong>es sin duda alguna un destino so\u00f1ado para recorrer en cualquier momento del a\u00f1o. Se distingue por la diversidad de su patrimonio cultural, m\u00fasica, poes\u00eda, orfebrer\u00eda, y varios aspectos que se conjugan dentro del tradicional <strong>camino de los artesanos.<\/strong><\/p>\n<p style=\"text-align: justify;\"><a ref=\"magnificPopup\" href=\"http:\/\/www.alquilerargentina.com\/blog\/wp-content\/uploads\/2017\/03\/Excursiones-y-paseos-para-el-finde-largo-de-marzo-ponchoartesanalsalte\u00f1o.jpg\"><img loading=\"lazy\" decoding=\"async\" class=\"alignnone wp-image-19240 size-full\" src=\"http:\/\/www.alquilerargentina.com\/blog\/wp-content\/uploads\/2017\/03\/Excursiones-y-paseos-para-el-finde-largo-de-marzo-ponchoartesanalsalte\u00f1o.jpg\" width=\"785\" height=\"360\" srcset=\"https:\/\/blog3.alquilerargentina.com\/wp-content\/uploads\/2017\/03\/Excursiones-y-paseos-para-el-finde-largo-de-marzo-ponchoartesanalsalte\u00f1o.jpg 785w, https:\/\/blog3.alquilerargentina.com\/wp-content\/uploads\/2017\/03\/Excursiones-y-paseos-para-el-finde-largo-de-marzo-ponchoartesanalsalte\u00f1o-300x138.jpg 300w, https:\/\/blog3.alquilerargentina.com\/wp-content\/uploads\/2017\/03\/Excursiones-y-paseos-para-el-finde-largo-de-marzo-ponchoartesanalsalte\u00f1o-768x352.jpg 768w\" sizes=\"(max-width: 785px) 100vw, 785px\" \/><\/a><\/p>\n<p>En el Valle Calchaqu\u00ed, vas a ser testigo de c\u00f3mo las manualidades y el arte, se reflejan a cada paso. All\u00ed se encuentra una de las m\u00e1s importantes tradiciones en telar criollo del pa\u00eds, donde se destaca la localidad de <strong>El Colte,<\/strong> como el centro m\u00e1s importante de confecci\u00f3n de ponchos, y otras prendas como chalecos, camperas y sacos. La particularidad de estos productos es que cuentan con paisajes y motivos regionales inspirados en el rico arte de las culturas ind\u00edgenas e incaicas, con motivos de la iconograf\u00eda arqueol\u00f3gica. Pod\u00e9s tener una de estas prendas, es uno de los motivos principales de aquellas personas que se llegan al lugar.<\/p>\n<p><a ref=\"magnificPopup\" href=\"http:\/\/www.alquilerargentina.com\/blog\/wp-content\/uploads\/2017\/03\/Excursiones-y-paseos-para-el-finde-largo-de-marzo-iglesiaelcolte.jpg\"><img loading=\"lazy\" decoding=\"async\" class=\"alignnone wp-image-19241 size-full\" src=\"http:\/\/www.alquilerargentina.com\/blog\/wp-content\/uploads\/2017\/03\/Excursiones-y-paseos-para-el-finde-largo-de-marzo-iglesiaelcolte.jpg\" width=\"785\" height=\"360\" srcset=\"https:\/\/blog3.alquilerargentina.com\/wp-content\/uploads\/2017\/03\/Excursiones-y-paseos-para-el-finde-largo-de-marzo-iglesiaelcolte.jpg 785w, https:\/\/blog3.alquilerargentina.com\/wp-content\/uploads\/2017\/03\/Excursiones-y-paseos-para-el-finde-largo-de-marzo-iglesiaelcolte-300x138.jpg 300w, https:\/\/blog3.alquilerargentina.com\/wp-content\/uploads\/2017\/03\/Excursiones-y-paseos-para-el-finde-largo-de-marzo-iglesiaelcolte-768x352.jpg 768w\" sizes=\"(max-width: 785px) 100vw, 785px\" \/><\/a><\/p>\n<p>Si quer\u00e9s conocer el paseo, debes tener en cuenta que se encuentra a 157 km de la capital salte\u00f1a. Un viaje que te permitir\u00e1 recorrer gran parte de Salta, \u00a0y la localidad de El Colte, donde vas a ser testigo de sus incre\u00edbles paisajes, y te vas a sorprender con sus antiguas fincas hechas de adobe y techos de paja, iglesias antiguas y \u00a0en donde vas poder contribuir con el trabajo de los cientos de artesanos que trabajan de manera dedicada, durante todo el a\u00f1o, para ofrecer productos \u00fanicos y de calidad.<\/p>\n<blockquote><p>Aprovech\u00e1 el finde largo de marzo para dar un paseo en familia, realizar excursiones, y disfrutar de todas las actividades y ricones de nuestro pa\u00eds.<\/p><\/blockquote>\n<p><a href=\"http:\/\/www.alquilerargentina.com\/Salta\/?utm_source=alquilerargentina&amp;utm_medium=blog&amp;utm_campaign=destinos_verano_salta\" target=\"_blank\">Mir\u00e1 las ofertas \u00a0de alojamientos en<span style=\"color: #ff6600;\"> <strong>Salta<\/strong><\/span> y reserv\u00e1<\/a><\/p>\n","protected":false},"excerpt":{"rendered":"<p>Cuando llega un fin de semana largo, comienzan a surgir\u00a0 las ganas de descansar, renovar energ\u00edas, viajar, realizar paseos e incluso excursiones, para disfrutar de unos d\u00edas diferentes en familia o con amigos. Si bien 3 d\u00edas es muy poco para tomarse un descanso lejos de la ciudad donde viv\u00eds,\u00a0 en esta nota te mostramos&#8230;<\/p>\n","protected":false},"author":1,"featured_media":19235,"comment_status":"open","ping_status":"open","sticky":false,"template":"","format":"standard","meta":{"footnotes":""},"categories":[3588],"tags":[],"_links":{"self":[{"href":"https:\/\/www.alquilerargentina.com\/blog\/wp-json\/wp\/v2\/posts\/19226"}],"collection":[{"href":"https:\/\/www.alquilerargentina.com\/blog\/wp-json\/wp\/v2\/posts"}],"about":[{"href":"https:\/\/www.alquilerargentina.com\/blog\/wp-json\/wp\/v2\/types\/post"}],"author":[{"embeddable":true,"href":"https:\/\/www.alquilerargentina.com\/blog\/wp-json\/wp\/v2\/users\/1"}],"replies":[{"embeddable":true,"href":"https:\/\/www.alquilerargentina.com\/blog\/wp-json\/wp\/v2\/comments?post=19226"}],"version-history":[{"count":12,"href":"https:\/\/www.alquilerargentina.com\/blog\/wp-json\/wp\/v2\/posts\/19226\/revisions"}],"predecessor-version":[{"id":19246,"href":"https:\/\/www.alquilerargentina.com\/blog\/wp-json\/wp\/v2\/posts\/19226\/revisions\/19246"}],"wp:featuredmedia":[{"embeddable":true,"href":"https:\/\/www.alquilerargentina.com\/blog\/wp-json\/wp\/v2\/media\/19235"}],"wp:attachment":[{"href":"https:\/\/www.alquilerargentina.com\/blog\/wp-json\/wp\/v2\/media?parent=19226"}],"wp:term":[{"taxonomy":"category","embeddable":true,"href":"https:\/\/www.alquilerargentina.com\/blog\/wp-json\/wp\/v2\/categories?post=19226"},{"taxonomy":"post_tag","embeddable":true,"href":"https:\/\/www.alquilerargentina.com\/blog\/wp-json\/wp\/v2\/tags?post=19226"}],"curies":[{"name":"wp","href":"https:\/\/api.w.org\/{rel}","templated":true}]}}