{"id":19111,"date":"2017-03-10T11:00:16","date_gmt":"2017-03-10T14:00:16","guid":{"rendered":"http:\/\/www.alquilerargentina.com\/blog\/?p=19111"},"modified":"2017-03-09T11:08:23","modified_gmt":"2017-03-09T14:08:23","slug":"disfruta-de-los-ultimos-dias-de-verano-en-familia","status":"publish","type":"post","link":"https:\/\/www.alquilerargentina.com\/blog\/paseos-y-excursiones\/disfruta-de-los-ultimos-dias-de-verano-en-familia.html","title":{"rendered":"Disfrut\u00e1 de los \u00faltimos d\u00edas de verano en familia"},"content":{"rendered":"<p style=\"text-align: justify;\"><em>Quedan pocos d\u00edas de<strong> verano<\/strong> y queremos que los aproveches al m\u00e1ximo. Record\u00e1\u00a0que estos son los momentos que quedar\u00e1n plasmados en la memoria y los recuerdos de toda la familia, antes de comenzar la escuela y continuar con la rutina.<\/em><\/p>\n<p style=\"text-align: justify;\"><a ref=\"magnificPopup\" href=\"http:\/\/www.alquilerargentina.com\/blog\/wp-content\/uploads\/2017\/03\/Disfrut\u00e1-de-los-\u00faltimos-d\u00edas-de-verano-en-familia-ni\u00f1os.jpg\"><img loading=\"lazy\" decoding=\"async\" class=\"alignnone wp-image-19179 size-full\" src=\"http:\/\/www.alquilerargentina.com\/blog\/wp-content\/uploads\/2017\/03\/Disfrut\u00e1-de-los-\u00faltimos-d\u00edas-de-verano-en-familia-ni\u00f1os.jpg\" width=\"785\" height=\"360\" srcset=\"https:\/\/blog3.alquilerargentina.com\/wp-content\/uploads\/2017\/03\/Disfrut\u00e1-de-los-\u00faltimos-d\u00edas-de-verano-en-familia-ni\u00f1os.jpg 785w, https:\/\/blog3.alquilerargentina.com\/wp-content\/uploads\/2017\/03\/Disfrut\u00e1-de-los-\u00faltimos-d\u00edas-de-verano-en-familia-ni\u00f1os-300x138.jpg 300w, https:\/\/blog3.alquilerargentina.com\/wp-content\/uploads\/2017\/03\/Disfrut\u00e1-de-los-\u00faltimos-d\u00edas-de-verano-en-familia-ni\u00f1os-768x352.jpg 768w\" sizes=\"(max-width: 785px) 100vw, 785px\" \/><\/a><\/p>\n<p style=\"text-align: justify;\">Para que puedas disfrutar de los \u00faltimos <em>d\u00edas de verano en familia<\/em>, te mostramos algunos destinos ideales para viajar con los tuyos y que disfruten todos.<\/p>\n<h2 style=\"text-align: justify;\">Entretenimiento en Rosario<\/h2>\n<p style=\"text-align: justify;\">Esta incre\u00edble ciudad cuenta con opciones para que toda la familia pase un momento inolvidable. Para los m\u00e1s grandes: est\u00e1n los cl\u00e1sicos paseos por la costanera y en barco, degustaciones de comidas t\u00edpicas\u00a0como los platos con la pesca del d\u00eda, teatros, bares y mucha vida nocturna para entretenerse.<\/p>\n<p style=\"text-align: justify;\"><a ref=\"magnificPopup\" href=\"http:\/\/www.alquilerargentina.com\/blog\/wp-content\/uploads\/2017\/03\/Disfrut\u00e1-de-los-\u00faltimos-d\u00edas-de-verano-en-familia-el-jardin-de-los-ni\u00f1os.jpg\"><img loading=\"lazy\" decoding=\"async\" class=\"alignnone wp-image-19181 size-full\" src=\"http:\/\/www.alquilerargentina.com\/blog\/wp-content\/uploads\/2017\/03\/Disfrut\u00e1-de-los-\u00faltimos-d\u00edas-de-verano-en-familia-el-jardin-de-los-ni\u00f1os.jpg\" width=\"785\" height=\"360\" srcset=\"https:\/\/blog3.alquilerargentina.com\/wp-content\/uploads\/2017\/03\/Disfrut\u00e1-de-los-\u00faltimos-d\u00edas-de-verano-en-familia-el-jardin-de-los-ni\u00f1os.jpg 785w, https:\/\/blog3.alquilerargentina.com\/wp-content\/uploads\/2017\/03\/Disfrut\u00e1-de-los-\u00faltimos-d\u00edas-de-verano-en-familia-el-jardin-de-los-ni\u00f1os-300x138.jpg 300w, https:\/\/blog3.alquilerargentina.com\/wp-content\/uploads\/2017\/03\/Disfrut\u00e1-de-los-\u00faltimos-d\u00edas-de-verano-en-familia-el-jardin-de-los-ni\u00f1os-768x352.jpg 768w\" sizes=\"(max-width: 785px) 100vw, 785px\" \/><\/a><\/p>\n<p style=\"text-align: justify;\">[notification type=\u00bbnotification_info\u00bb ]<a href=\"http:\/\/www.alquilerargentina.com\/destinos\/rosario.html?utm_source=alquilerargentina&amp;utm_medium=blog&amp;utm_campaign=landing_rosario\" target=\"_blank\">Mir\u00e1 la <strong>gu\u00eda tur\u00edstica sobre Rosario<\/strong>\u00a0y enterate de lo que tiene para ofrecer la ciudad<\/a>[\/notification]\n<p style=\"text-align: justify;\">En <span style=\"color: #ff6600;\"><strong><a style=\"color: #ff6600;\" href=\"http:\/\/www.alquilerargentina.com\/Santa-Fe\/Rosario\/?utm_source=alquilerargentina&amp;utm_medium=blog&amp;utm_campaign=destinos_rosario\" target=\"_blank\">Rosario<\/a><\/strong><\/span>, los mas peque\u00f1os van a poder elegir entre ser inventores, artistas, deportistas y jugar a todo lo que se les ocurra. Parques tem\u00e1ticos como <strong>El jard\u00edn de los Ni\u00f1os<\/strong>, donde se homenajea a la imaginaci\u00f3n y a las vanguardias culturales del siglo XIX, cuentan con una m\u00e1quina de volar, una para trepar, otra para hacer ruido y una monta\u00f1a encantada. Adem\u00e1s hay granjas infantiles, acuarios, \u00a0y museos dedicados a los ni\u00f1os que florecen por toda la ciudad esperando entretener a todos que lo visiten.<\/p>\n<p style=\"text-align: justify;\"><a ref=\"magnificPopup\" href=\"http:\/\/www.alquilerargentina.com\/blog\/wp-content\/uploads\/2017\/03\/Disfrut\u00e1-de-los-\u00faltimos-d\u00edas-de-verano-en-familia-jardin-de-los-ni\u00f1os.jpg\"><img loading=\"lazy\" decoding=\"async\" class=\"alignnone wp-image-19182 size-full\" src=\"http:\/\/www.alquilerargentina.com\/blog\/wp-content\/uploads\/2017\/03\/Disfrut\u00e1-de-los-\u00faltimos-d\u00edas-de-verano-en-familia-jardin-de-los-ni\u00f1os.jpg\" width=\"785\" height=\"360\" srcset=\"https:\/\/blog3.alquilerargentina.com\/wp-content\/uploads\/2017\/03\/Disfrut\u00e1-de-los-\u00faltimos-d\u00edas-de-verano-en-familia-jardin-de-los-ni\u00f1os.jpg 785w, https:\/\/blog3.alquilerargentina.com\/wp-content\/uploads\/2017\/03\/Disfrut\u00e1-de-los-\u00faltimos-d\u00edas-de-verano-en-familia-jardin-de-los-ni\u00f1os-300x138.jpg 300w, https:\/\/blog3.alquilerargentina.com\/wp-content\/uploads\/2017\/03\/Disfrut\u00e1-de-los-\u00faltimos-d\u00edas-de-verano-en-familia-jardin-de-los-ni\u00f1os-768x352.jpg 768w\" sizes=\"(max-width: 785px) 100vw, 785px\" \/><\/a><\/p>\n<p style=\"text-align: justify;\"><a href=\"http:\/\/www.alquilerargentina.com\/Santa-Fe\/Rosario\/?utm_source=alquilerargentina&amp;utm_medium=blog&amp;utm_campaign=destinos_rosario\" target=\"_blank\">Encontr\u00e1 opciones de <strong>alojamientos en Rosario.<\/strong><\/a><\/p>\n<h2 style=\"text-align: justify;\">En bicicleta por los valles encantados de C\u00f3rdoba<\/h2>\n<p style=\"text-align: justify;\">El <strong><a href=\"http:\/\/www.alquilerargentina.com\/C\u00f3rdoba\/Valle-De-Calamuchita\/?utm_source=alquilerargentina&amp;utm_medium=blog&amp;utm_campaign=destinos_valledecalamuchita\" target=\"_blank\">Valle de Calamuchita<\/a><\/strong> es sin duda alguna uno de los atractivos mas importantes de <span style=\"color: #333333;\"><span style=\"color: #ff6600;\"><strong><a style=\"color: #ff6600;\" href=\"http:\/\/www.alquilerargentina.com\/C\u00f3rdoba\/?utm_source=alquilerargentina&amp;utm_medium=blog&amp;utm_campaign=destinos_cordoba\" target=\"_blank\">C\u00f3rdoba<\/a><\/strong><\/span>. Gr<\/span>acias a su magnifica naturaleza, es un pulm\u00f3n verde que da origen a muchas actividades al aire libre para que las familias m\u00e1s aventureras puedas disfrutar.<\/p>\n<p style=\"text-align: justify;\"><a ref=\"magnificPopup\" href=\"http:\/\/www.alquilerargentina.com\/blog\/wp-content\/uploads\/2017\/03\/Disfrut\u00e1-de-los-\u00faltimos-d\u00edas-de-verano-en-familia-bici-valle.jpg\"><img loading=\"lazy\" decoding=\"async\" class=\"alignnone wp-image-19183 size-full\" src=\"http:\/\/www.alquilerargentina.com\/blog\/wp-content\/uploads\/2017\/03\/Disfrut\u00e1-de-los-\u00faltimos-d\u00edas-de-verano-en-familia-bici-valle.jpg\" width=\"785\" height=\"360\" srcset=\"https:\/\/blog3.alquilerargentina.com\/wp-content\/uploads\/2017\/03\/Disfrut\u00e1-de-los-\u00faltimos-d\u00edas-de-verano-en-familia-bici-valle.jpg 785w, https:\/\/blog3.alquilerargentina.com\/wp-content\/uploads\/2017\/03\/Disfrut\u00e1-de-los-\u00faltimos-d\u00edas-de-verano-en-familia-bici-valle-300x138.jpg 300w, https:\/\/blog3.alquilerargentina.com\/wp-content\/uploads\/2017\/03\/Disfrut\u00e1-de-los-\u00faltimos-d\u00edas-de-verano-en-familia-bici-valle-768x352.jpg 768w\" sizes=\"(max-width: 785px) 100vw, 785px\" \/><\/a><\/p>\n<p style=\"text-align: justify;\"><strong><a href=\"http:\/\/www.alquilerargentina.com\/C\u00f3rdoba\/Villa-Yacanto-De-Calamuchita\/?utm_source=alquilerargentina&amp;utm_medium=blog&amp;utm_campaign=destinos_villayacantodecalamuchita\" target=\"_blank\">Villa Yacanto<\/a><\/strong>,<strong>\u00a0<a href=\"http:\/\/www.alquilerargentina.com\/C\u00f3rdoba\/Villa-General-Belgrano\/?utm_source=alquilerargentina&amp;utm_medium=blog&amp;utm_campaign=destinos_villageneralbelgrano\" target=\"_blank\">Villa General Belgrano<\/a>\u00a0<\/strong>y\u00a0<strong><a href=\"http:\/\/www.alquilerargentina.com\/C%C3%B3rdoba\/Santa-Rosa-De-Calamuchita\/?utm_source=alquilerargentina&amp;utm_medium=blog&amp;utm_campaign=destinos_verano_santarosadecalamuchita\" target=\"_blank\">Santa Rosa de Calamuchita<\/a> <\/strong>ofrecen la oportunidad de recorrer los alrededores de estos pueblitos inmersos en la sierras, en bicicleta. Tambi\u00e9n se pueden realizar paseos en caballo y distintas aventuras. Te aconsejamos visitar <strong><a href=\"http:\/\/www.alquilerargentina.com\/C\u00f3rdoba\/La-Cumbrecita\/?utm_source=alquilerargentina&amp;utm_medium=blog&amp;utm_campaign=destinos_lacumbrecita\" target=\"_blank\">La Cumbrecita<\/a><\/strong>,\u00a0que se caracteriza por ser un pueblo que se recorrer exclusivamente caminando. Hay senderos de distinta dificultad, ideal para amoldar a las necesidades de cada uno, y adem\u00e1s tiendas donde van a poder probar exquisitos chocolates, y productos caseros que le encantar\u00e1n a los mas peque\u00f1itos.<\/p>\n<p style=\"text-align: justify;\"><a href=\"http:\/\/www.alquilerargentina.com\/C\u00f3rdoba\/?utm_source=alquilerargentina&amp;utm_medium=blog&amp;utm_campaign=destinos_cordoba\">Escapate a las sierras y reserv\u00e1 estas <strong>caba\u00f1as en C\u00f3rdoba<\/strong>.<\/a><\/p>\n<h2 style=\"text-align: justify;\">En Buenos Aires todos disfrutan<\/h2>\n<p style=\"text-align: justify;\"><strong><span style=\"color: #ff6600;\"><a style=\"color: #ff6600;\" href=\"http:\/\/www.alquilerargentina.com\/Buenos-Aires\/?utm_source=alquilerargentina&amp;utm_medium=blog&amp;utm_campaign=destinos_buenosaires\" target=\"_blank\">Buenos Aires<\/a>\u00a0<\/span><\/strong>es un destino perfecto para que toda la familia pueda disfrutar. Pasear en bicicleta por la<strong> Reserva Ecol\u00f3gica de la Costanera Sur,<\/strong> recorrer el <strong>Jard\u00edn Bot\u00e1nico,<\/strong> andar en skate en el<strong> Parque Centenario<\/strong> o en rollers por los <strong>bosques de Palermo<\/strong>,\u00a0son algunas de las infinitas opciones que ofrece este destino.<\/p>\n<p style=\"text-align: justify;\"><a ref=\"magnificPopup\" href=\"http:\/\/www.alquilerargentina.com\/blog\/wp-content\/uploads\/2017\/03\/Disfrut\u00e1-de-los-\u00faltimos-d\u00edas-de-verano-en-familia-jardin-botanico.jpg\"><img loading=\"lazy\" decoding=\"async\" class=\"alignnone wp-image-19184 size-full\" src=\"http:\/\/www.alquilerargentina.com\/blog\/wp-content\/uploads\/2017\/03\/Disfrut\u00e1-de-los-\u00faltimos-d\u00edas-de-verano-en-familia-jardin-botanico.jpg\" width=\"785\" height=\"360\" srcset=\"https:\/\/blog3.alquilerargentina.com\/wp-content\/uploads\/2017\/03\/Disfrut\u00e1-de-los-\u00faltimos-d\u00edas-de-verano-en-familia-jardin-botanico.jpg 785w, https:\/\/blog3.alquilerargentina.com\/wp-content\/uploads\/2017\/03\/Disfrut\u00e1-de-los-\u00faltimos-d\u00edas-de-verano-en-familia-jardin-botanico-300x138.jpg 300w, https:\/\/blog3.alquilerargentina.com\/wp-content\/uploads\/2017\/03\/Disfrut\u00e1-de-los-\u00faltimos-d\u00edas-de-verano-en-familia-jardin-botanico-768x352.jpg 768w\" sizes=\"(max-width: 785px) 100vw, 785px\" \/><\/a><\/p>\n<p style=\"text-align: justify;\">Una opci\u00f3n entretenida es subir al bus tur\u00edstico que recorre la ciudad o disfrutar de hacer deportes del <strong>Parque Deportivo de Costanera Norte.<\/strong><\/p>\n<p style=\"text-align: justify;\">[notification type=\u00bbnotification_info\u00bb ]<a href=\"http:\/\/www.alquilerargentina.com\/destinos\/capital-federal.html?utm_source=alquilerargentina&amp;utm_medium=blog&amp;utm_campaign=landing_capitalfederal\" target=\"_blank\">Enterate de los que pod\u00e9s hacer en\u00a0<strong>Buenos Aires<\/strong> junto a tu famila.<\/a>[\/notification]\n<p style=\"text-align: justify;\">No nos olvidamos de recomendarte una salida nocturna por alguno de sus incre\u00edbles restaurantes o teatros para celebrar en familia, y renovar energ\u00edas para empezar el a\u00f1o contentos y generando lindos recuerdos a cada paso.<\/p>\n<p style=\"text-align: justify;\"><a ref=\"magnificPopup\" href=\"http:\/\/www.alquilerargentina.com\/blog\/wp-content\/uploads\/2017\/03\/Disfrut\u00e1-de-los-\u00faltimos-d\u00edas-de-verano-en-familia.bosquesdepalermo.jpg\"><img loading=\"lazy\" decoding=\"async\" class=\"alignnone wp-image-19185 size-full\" src=\"http:\/\/www.alquilerargentina.com\/blog\/wp-content\/uploads\/2017\/03\/Disfrut\u00e1-de-los-\u00faltimos-d\u00edas-de-verano-en-familia.bosquesdepalermo.jpg\" width=\"785\" height=\"360\" srcset=\"https:\/\/blog3.alquilerargentina.com\/wp-content\/uploads\/2017\/03\/Disfrut\u00e1-de-los-\u00faltimos-d\u00edas-de-verano-en-familia.bosquesdepalermo.jpg 785w, https:\/\/blog3.alquilerargentina.com\/wp-content\/uploads\/2017\/03\/Disfrut\u00e1-de-los-\u00faltimos-d\u00edas-de-verano-en-familia.bosquesdepalermo-300x138.jpg 300w, https:\/\/blog3.alquilerargentina.com\/wp-content\/uploads\/2017\/03\/Disfrut\u00e1-de-los-\u00faltimos-d\u00edas-de-verano-en-familia.bosquesdepalermo-768x352.jpg 768w\" sizes=\"(max-width: 785px) 100vw, 785px\" \/><\/a><\/p>\n<p style=\"text-align: justify;\"><a href=\"http:\/\/www.alquilerargentina.com\/Buenos-Aires\/?utm_source=alquilerargentina&amp;utm_medium=blog&amp;utm_campaign=destinos_buenosaires\" target=\"_blank\">Mir\u00e1 todos los<strong> alojamientos en<\/strong>\u00a0<strong>Buenos Aires<\/strong> y reserv\u00e1 el que prefieras.<\/a><\/p>\n<p style=\"text-align: justify;\">Aprovech\u00e1 los \u00faltimos d\u00edas de verano para vivir experiencias lindas en familia, d\u00e1ndole la oportunidad a los mas peque\u00f1os de que terminen sus<strong> vacaciones<\/strong> de manera entretenida para comenzar la rutina y el a\u00f1o de la mejor manera posible.<\/p>\n<p><iframe loading=\"lazy\" class=\"giphy-embed\" src=\"\/\/giphy.com\/embed\/A5qMguCV7Kxxu\" width=\"480\" height=\"253\" frameborder=\"0\" allowfullscreen=\"allowfullscreen\"><\/iframe><\/p>\n","protected":false},"excerpt":{"rendered":"<p>Quedan pocos d\u00edas de verano y queremos que los aproveches al m\u00e1ximo. Record\u00e1\u00a0que estos son los momentos que quedar\u00e1n plasmados en la memoria y los recuerdos de toda la familia, antes de comenzar la escuela y continuar con la rutina. Para que puedas disfrutar de los \u00faltimos d\u00edas de verano en familia, te mostramos algunos&#8230;<\/p>\n","protected":false},"author":1,"featured_media":19180,"comment_status":"open","ping_status":"open","sticky":false,"template":"","format":"standard","meta":{"footnotes":""},"categories":[3588],"tags":[],"_links":{"self":[{"href":"https:\/\/www.alquilerargentina.com\/blog\/wp-json\/wp\/v2\/posts\/19111"}],"collection":[{"href":"https:\/\/www.alquilerargentina.com\/blog\/wp-json\/wp\/v2\/posts"}],"about":[{"href":"https:\/\/www.alquilerargentina.com\/blog\/wp-json\/wp\/v2\/types\/post"}],"author":[{"embeddable":true,"href":"https:\/\/www.alquilerargentina.com\/blog\/wp-json\/wp\/v2\/users\/1"}],"replies":[{"embeddable":true,"href":"https:\/\/www.alquilerargentina.com\/blog\/wp-json\/wp\/v2\/comments?post=19111"}],"version-history":[{"count":18,"href":"https:\/\/www.alquilerargentina.com\/blog\/wp-json\/wp\/v2\/posts\/19111\/revisions"}],"predecessor-version":[{"id":19223,"href":"https:\/\/www.alquilerargentina.com\/blog\/wp-json\/wp\/v2\/posts\/19111\/revisions\/19223"}],"wp:featuredmedia":[{"embeddable":true,"href":"https:\/\/www.alquilerargentina.com\/blog\/wp-json\/wp\/v2\/media\/19180"}],"wp:attachment":[{"href":"https:\/\/www.alquilerargentina.com\/blog\/wp-json\/wp\/v2\/media?parent=19111"}],"wp:term":[{"taxonomy":"category","embeddable":true,"href":"https:\/\/www.alquilerargentina.com\/blog\/wp-json\/wp\/v2\/categories?post=19111"},{"taxonomy":"post_tag","embeddable":true,"href":"https:\/\/www.alquilerargentina.com\/blog\/wp-json\/wp\/v2\/tags?post=19111"}],"curies":[{"name":"wp","href":"https:\/\/api.w.org\/{rel}","templated":true}]}}