{"id":18403,"date":"2017-02-24T10:00:04","date_gmt":"2017-02-24T13:00:04","guid":{"rendered":"http:\/\/www.alquilerargentina.com\/blog\/?p=18403"},"modified":"2017-02-08T13:18:50","modified_gmt":"2017-02-08T16:18:50","slug":"andar-en-bicicleta-por-cordoba","status":"publish","type":"post","link":"https:\/\/www.alquilerargentina.com\/blog\/paseos-y-excursiones\/andar-en-bicicleta-por-cordoba.html","title":{"rendered":"Animate a recorrer C\u00f3rdoba en bicicleta"},"content":{"rendered":"<p style=\"text-align: justify;\"><em>Andar en bicicleta, adem\u00e1s de ser una actividad deportiva y recreativa entretenida, permite observar todo desde otra perspectiva.\u00a0<\/em><\/p>\n<p style=\"text-align: justify;\"><iframe loading=\"lazy\" class=\"giphy-embed\" src=\"\/\/giphy.com\/embed\/1R5hNvgQtw1tC\" width=\"480\" height=\"268\" frameborder=\"0\" allowfullscreen=\"allowfullscreen\"><\/iframe><\/p>\n<p style=\"text-align: justify;\"><a href=\"http:\/\/www.alquilerargentina.com\/C\u00f3rdoba\/?utm_source=alquilerargentina&amp;utm_medium=blog&amp;utm_campaign=destinos_verano_cordoba\">Existen muchas opciones de<strong> recorridos para hacer en bicicleta en C\u00f3rdoba<\/strong>.<\/a>\u00a0Aprovecha las <em>vacaciones<\/em> <em>de verano<\/em> y los d\u00edas de calor para escaparte de la ciudad y disfrutar de los paisajes serranos de una manera distinta.<strong>\u00a0<\/strong>En esta nota te recomendamos algunos destinos.<\/p>\n<h2 style=\"text-align: justify;\">Circuitos sugeridos en C\u00f3rdoba<\/h2>\n<p><a ref=\"magnificPopup\" href=\"http:\/\/www.alquilerargentina.com\/blog\/wp-content\/uploads\/2017\/01\/En-vacaciones-an\u00edmate-a-recorrer-C\u00f3rdoba-en-bicicleta-portada-2.jpg\"><img loading=\"lazy\" decoding=\"async\" class=\"alignnone wp-image-18411 size-full\" src=\"http:\/\/www.alquilerargentina.com\/blog\/wp-content\/uploads\/2017\/01\/En-vacaciones-an\u00edmate-a-recorrer-C\u00f3rdoba-en-bicicleta-portada-2.jpg\" width=\"785\" height=\"360\" srcset=\"https:\/\/blog3.alquilerargentina.com\/wp-content\/uploads\/2017\/01\/En-vacaciones-an\u00edmate-a-recorrer-C\u00f3rdoba-en-bicicleta-portada-2.jpg 785w, https:\/\/blog3.alquilerargentina.com\/wp-content\/uploads\/2017\/01\/En-vacaciones-an\u00edmate-a-recorrer-C\u00f3rdoba-en-bicicleta-portada-2-300x138.jpg 300w, https:\/\/blog3.alquilerargentina.com\/wp-content\/uploads\/2017\/01\/En-vacaciones-an\u00edmate-a-recorrer-C\u00f3rdoba-en-bicicleta-portada-2-768x352.jpg 768w\" sizes=\"(max-width: 785px) 100vw, 785px\" \/><\/a><\/p>\n<h3>El norte cordob\u00e9s te espera con el Pan de Az\u00facar<\/h3>\n<p>Este destino cl\u00e1sico de las Sierras Chicas, es uno de los lugares m\u00e1s cercanos y accesibles para recorrer en bicicleta desde la capital, y tambi\u00e9n el destino preferido de los amantes del mountain bike.<\/p>\n<p><a ref=\"magnificPopup\" href=\"http:\/\/www.alquilerargentina.com\/blog\/wp-content\/uploads\/2017\/02\/En-vacaciones-an\u00edmate-a-recorrer-C\u00f3rdoba-en-bicicleta-pan-de-azucar.jpg\"><img loading=\"lazy\" decoding=\"async\" class=\"alignnone wp-image-18427 size-full\" src=\"http:\/\/www.alquilerargentina.com\/blog\/wp-content\/uploads\/2017\/02\/En-vacaciones-an\u00edmate-a-recorrer-C\u00f3rdoba-en-bicicleta-pan-de-azucar.jpg\" width=\"785\" height=\"360\" srcset=\"https:\/\/blog3.alquilerargentina.com\/wp-content\/uploads\/2017\/02\/En-vacaciones-an\u00edmate-a-recorrer-C\u00f3rdoba-en-bicicleta-pan-de-azucar.jpg 785w, https:\/\/blog3.alquilerargentina.com\/wp-content\/uploads\/2017\/02\/En-vacaciones-an\u00edmate-a-recorrer-C\u00f3rdoba-en-bicicleta-pan-de-azucar-300x138.jpg 300w, https:\/\/blog3.alquilerargentina.com\/wp-content\/uploads\/2017\/02\/En-vacaciones-an\u00edmate-a-recorrer-C\u00f3rdoba-en-bicicleta-pan-de-azucar-768x352.jpg 768w\" sizes=\"(max-width: 785px) 100vw, 785px\" \/><\/a><\/p>\n<p>Para logar acceder, en primer lugar, hay que llegar hasta <span style=\"color: #ff6600;\"><a style=\"color: #ff6600;\" href=\"http:\/\/www.alquilerargentina.com\/C\u00f3rdoba\/Villa-Allende\/?utm_source=alquilerargentina&amp;utm_medium=blog&amp;utm_campaign=destinos_verano_villaallende\" target=\"_blank\"><strong>Villa Allende<\/strong><\/a><\/span> y desde ah\u00ed, recorrer 17 km en un camino de tierra rodeado por mucha vegetaci\u00f3n y aire puro. Una vez all\u00ed, solo resta disfrutar de la naturaleza.<\/p>\n<h3>Hacia La Lagunilla<\/h3>\n<p>Yendo hacia el oeste de C\u00f3rdoba y partiendo desde <span style=\"color: #ff6600;\"><strong><a style=\"color: #ff6600;\" href=\"http:\/\/www.alquilerargentina.com\/C\u00f3rdoba\/Malague\u00f1o\/?utm_source=alquilerargentina&amp;utm_medium=blog&amp;utm_campaign=destinos_verano_malague\u00f1o\" target=\"_blank\">Malague\u00f1o<\/a><\/strong><\/span>, poco antes de la rotonda de\u00a0<strong><span style=\"color: #ff6600;\"><a style=\"color: #ff6600;\" href=\"http:\/\/www.alquilerargentina.com\/C\u00f3rdoba\/Falda-Del-Carmen\/?utm_source=alquilerargentina&amp;utm_medium=blog&amp;utm_campaign=destinos_verano_faldadelcarmen\" target=\"_blank\">Falda del Carmen<\/a><\/span><\/strong><span style=\"color: #ff6600;\"><span style=\"color: #333333;\">,<\/span><\/span> un camino de tierra conduce a <strong>La Lagunilla.<\/strong> Este lugar se caracteriza por se el espejo de agua que da nacimiento a\u00a0La Ca\u00f1ada. Especial para recorrerlo en familia y disfrutar al aire libre.<\/p>\n<h3>Opciones en Alta Gracia<\/h3>\n<p><a ref=\"magnificPopup\" href=\"http:\/\/www.alquilerargentina.com\/blog\/wp-content\/uploads\/2017\/02\/En-vacaciones-an\u00edmate-a-recorrer-C\u00f3rdoba-en-bicicleta-alta-gracia.jpg\"><img loading=\"lazy\" decoding=\"async\" class=\"alignnone wp-image-18426 size-full\" src=\"http:\/\/www.alquilerargentina.com\/blog\/wp-content\/uploads\/2017\/02\/En-vacaciones-an\u00edmate-a-recorrer-C\u00f3rdoba-en-bicicleta-alta-gracia.jpg\" width=\"785\" height=\"360\" srcset=\"https:\/\/blog3.alquilerargentina.com\/wp-content\/uploads\/2017\/02\/En-vacaciones-an\u00edmate-a-recorrer-C\u00f3rdoba-en-bicicleta-alta-gracia.jpg 785w, https:\/\/blog3.alquilerargentina.com\/wp-content\/uploads\/2017\/02\/En-vacaciones-an\u00edmate-a-recorrer-C\u00f3rdoba-en-bicicleta-alta-gracia-300x138.jpg 300w, https:\/\/blog3.alquilerargentina.com\/wp-content\/uploads\/2017\/02\/En-vacaciones-an\u00edmate-a-recorrer-C\u00f3rdoba-en-bicicleta-alta-gracia-768x352.jpg 768w\" sizes=\"(max-width: 785px) 100vw, 785px\" \/><\/a><\/p>\n<p>Uno de los circuitos caracter\u00edsticos es el <strong>Valle de Buena Esperanza<\/strong>: partiendo desde el <strong>Parque Garc\u00eda Lorca<\/strong>, se atraviesa todo el parque en bici para luego continuar el camino al Valle, hasta llegar al arroyo que recorre el camino formando siete vados. Antes de llegar, si el cansancio exige una parada, existe la posibilidad de regresar por el denominado <strong>Valle Chico<\/strong>. Este se caracteriza por un bello descenso, en un valle con privilegiadas vistas que, a poco de andar, bordea todo el campo de<strong> Golf del Potrerillo de Larreta<\/strong> para desembocar en el primer pared\u00f3n Jesu\u00edtico.<\/p>\n<p>Otros recorridos son la <strong>Casa Museo del \u201cChe\u201d Guevara<\/strong>; la <strong>Gruta de la Virgen de Lourdes<\/strong> y el <strong>Museo Manuel de Falla,<\/strong> que funciona en la casa que ocup\u00f3 el compositor espa\u00f1ol en su exilio. Adem\u00e1s de ser un recorrido divertido, vas a poder conocer un poco de la historia de <strong><span style=\"color: #ff6600;\"><a style=\"color: #ff6600;\" href=\"http:\/\/www.alquilerargentina.com\/C\u00f3rdoba\/Alta-Gracia\/?utm_source=alquilerargentina&amp;utm_medium=blog&amp;utm_campaign=destinos_verano_altagracia\" target=\"_blank\">Alta Gracia<\/a>\u00a0<\/span><\/strong>y los hechos que la caracterizan.<\/p>\n<h3>Un paseo por Unquillo<\/h3>\n<p><a ref=\"magnificPopup\" href=\"http:\/\/www.alquilerargentina.com\/blog\/wp-content\/uploads\/2017\/02\/En-vacaciones-an\u00edmate-a-recorrer-C\u00f3rdoba-en-bicicleta-unquillo.jpg\"><img loading=\"lazy\" decoding=\"async\" class=\"alignnone wp-image-18425 size-full\" src=\"http:\/\/www.alquilerargentina.com\/blog\/wp-content\/uploads\/2017\/02\/En-vacaciones-an\u00edmate-a-recorrer-C\u00f3rdoba-en-bicicleta-unquillo.jpg\" width=\"785\" height=\"360\" srcset=\"https:\/\/blog3.alquilerargentina.com\/wp-content\/uploads\/2017\/02\/En-vacaciones-an\u00edmate-a-recorrer-C\u00f3rdoba-en-bicicleta-unquillo.jpg 785w, https:\/\/blog3.alquilerargentina.com\/wp-content\/uploads\/2017\/02\/En-vacaciones-an\u00edmate-a-recorrer-C\u00f3rdoba-en-bicicleta-unquillo-300x138.jpg 300w, https:\/\/blog3.alquilerargentina.com\/wp-content\/uploads\/2017\/02\/En-vacaciones-an\u00edmate-a-recorrer-C\u00f3rdoba-en-bicicleta-unquillo-768x352.jpg 768w\" sizes=\"(max-width: 785px) 100vw, 785px\" \/><\/a><\/p>\n<p>Esta linda localidad cuenta con distintos lugares para visitar como la Capilla Buffo y el V\u00eda Crucis, ambos en recorridos un tanto exigentes para ir en bicicleta. Tambi\u00e9n es interesante conocer antiguas residencias y casonas como el castillo Monserrat en <span style=\"color: #ff6600;\"><strong><a style=\"color: #ff6600;\" href=\"http:\/\/www.alquilerargentina.com\/C\u00f3rdoba\/Unquillo\/?utm_source=alquilerargentina&amp;utm_medium=blog&amp;utm_campaign=destinos_verano_unquillo\" target=\"_blank\">Unquillo<\/a><\/strong><\/span>.\u00a0Este circuito es ideal para las familias porque est\u00e1 cerca de la capital, lo que lo hace accesible para todos.<\/p>\n<h3>M\u00e1s alternativas<\/h3>\n<p><a ref=\"magnificPopup\" href=\"http:\/\/www.alquilerargentina.com\/blog\/wp-content\/uploads\/2017\/02\/En-vacaciones-an\u00edmate-a-recorrer-C\u00f3rdoba-en-bicicleta-los-gigantes.jpg\"><img loading=\"lazy\" decoding=\"async\" class=\"alignnone wp-image-18424 size-full\" src=\"http:\/\/www.alquilerargentina.com\/blog\/wp-content\/uploads\/2017\/02\/En-vacaciones-an\u00edmate-a-recorrer-C\u00f3rdoba-en-bicicleta-los-gigantes.jpg\" width=\"785\" height=\"360\" srcset=\"https:\/\/blog3.alquilerargentina.com\/wp-content\/uploads\/2017\/02\/En-vacaciones-an\u00edmate-a-recorrer-C\u00f3rdoba-en-bicicleta-los-gigantes.jpg 785w, https:\/\/blog3.alquilerargentina.com\/wp-content\/uploads\/2017\/02\/En-vacaciones-an\u00edmate-a-recorrer-C\u00f3rdoba-en-bicicleta-los-gigantes-300x138.jpg 300w, https:\/\/blog3.alquilerargentina.com\/wp-content\/uploads\/2017\/02\/En-vacaciones-an\u00edmate-a-recorrer-C\u00f3rdoba-en-bicicleta-los-gigantes-768x352.jpg 768w\" sizes=\"(max-width: 785px) 100vw, 785px\" \/><\/a><\/p>\n<p>En el <strong><span style=\"color: #ff6600;\"><a style=\"color: #ff6600;\" href=\"http:\/\/www.alquilerargentina.com\/C\u00f3rdoba\/Valle-De-Punilla\/?utm_source=alquilerargentina&amp;utm_medium=blog&amp;utm_campaign=destinos_verano_valledepunilla\" target=\"_blank\">Valle de Punilla<\/a><\/span><\/strong>, el camino que lleva desde la peque\u00f1a localidad de\u00a0<strong><a href=\"http:\/\/www.alquilerargentina.com\/C\u00f3rdoba\/Tanti\/?utm_source=alquilerargentina&amp;utm_medium=blog&amp;utm_campaign=destinos_verano_tanti\" target=\"_blank\">Tanti<\/a> <\/strong>hasta llegar a<strong> Los Gigantes<\/strong>, es uno de los circuitos propuestos para recorrer en bici. Es un recorrido de 35 kil\u00f3metros por camino de ripio, de dificultad media, con paradas t\u00e9cnicas para disfrutar del paisaje y que quiz\u00e1s te lleve todo el d\u00eda. Por eso te recomendamos que tengas en cuenta llevar alimentos, agua y todo lo necesario para sortear cualquier inconveniente que pueda ocurrir con tu bicicleta.<\/p>\n<blockquote><p><span style=\"color: #000000;\"><strong><a style=\"color: #000000;\" href=\"http:\/\/www.alquilerargentina.com\/blog\/destinos\/5-lugares-para-recorrer-en-bici-en-argentina.html\" target=\"_blank\">Anim\u00e1te a m\u00e1s y\u00a0conoc\u00e9\u00a0m\u00e1s circuitos en Argentina.<\/a><\/strong><\/span><\/p><\/blockquote>\n<h2>Recomendaciones para pedalear sin contratiempos<\/h2>\n<p><a ref=\"magnificPopup\" href=\"http:\/\/www.alquilerargentina.com\/blog\/wp-content\/uploads\/2017\/02\/En-vacaciones-an\u00edmate-a-recorrer-C\u00f3rdoba-en-bicicleta-bici-recomendada.jpg\"><img loading=\"lazy\" decoding=\"async\" class=\"alignnone wp-image-18419 size-full\" src=\"http:\/\/www.alquilerargentina.com\/blog\/wp-content\/uploads\/2017\/02\/En-vacaciones-an\u00edmate-a-recorrer-C\u00f3rdoba-en-bicicleta-bici-recomendada.jpg\" width=\"785\" height=\"360\" srcset=\"https:\/\/blog3.alquilerargentina.com\/wp-content\/uploads\/2017\/02\/En-vacaciones-an\u00edmate-a-recorrer-C\u00f3rdoba-en-bicicleta-bici-recomendada.jpg 785w, https:\/\/blog3.alquilerargentina.com\/wp-content\/uploads\/2017\/02\/En-vacaciones-an\u00edmate-a-recorrer-C\u00f3rdoba-en-bicicleta-bici-recomendada-300x138.jpg 300w, https:\/\/blog3.alquilerargentina.com\/wp-content\/uploads\/2017\/02\/En-vacaciones-an\u00edmate-a-recorrer-C\u00f3rdoba-en-bicicleta-bici-recomendada-768x352.jpg 768w\" sizes=\"(max-width: 785px) 100vw, 785px\" \/><\/a><\/p>\n<ul>\n<li>Carg\u00e1 en tu mochila un juego de llaves Alen.<\/li>\n<li>Es importante que tu bici sea estilo mountain bike, ideales para caminos sinuosos o dif\u00edciles. Las bicis de paseo son para distancias mucho m\u00e1s cortas, y preferentemente en zonas urbanizadas.<\/li>\n<li>Inflador.<\/li>\n<li>C\u00e1mara de repuesto.<\/li>\n<li>Parches.<\/li>\n<li>Colocale a tu bicicleta liquido anti pinchadura para evitar gomas desinfladas en los paisajes m\u00e1s agrestes.<\/li>\n<li>Es fudamental llevar protector solar, casco, agua, lentes oscuros y ropa llamativa para hacerte notar en los caminos.<\/li>\n<li>Frutos secos y cereales son un excelente aporte de energ\u00edas. Que no falten en tu mochila.<\/li>\n<\/ul>\n<p><iframe loading=\"lazy\" class=\"giphy-embed\" src=\"\/\/giphy.com\/embed\/bWb6mRRvk5zTG\" width=\"480\" height=\"320\" frameborder=\"0\" allowfullscreen=\"allowfullscreen\"><\/iframe><\/p>\n<blockquote><p><a href=\"http:\/\/www.alquilerargentina.com\/C\u00f3rdoba\/?utm_source=alquilerargentina&amp;utm_medium=blog&amp;utm_campaign=destinos_verano_cordoba\">Prepara tu bicicleta y aventurate a recorrer C\u00f3rdoba.<\/a><\/p><\/blockquote>\n","protected":false},"excerpt":{"rendered":"<p>Andar en bicicleta, adem\u00e1s de ser una actividad deportiva y recreativa entretenida, permite observar todo desde otra perspectiva.\u00a0 Existen muchas opciones de recorridos para hacer en bicicleta en C\u00f3rdoba.\u00a0Aprovecha las vacaciones de verano y los d\u00edas de calor para escaparte de la ciudad y disfrutar de los paisajes serranos de una manera distinta.\u00a0En esta nota&#8230;<\/p>\n","protected":false},"author":1,"featured_media":18409,"comment_status":"open","ping_status":"open","sticky":false,"template":"","format":"standard","meta":{"footnotes":""},"categories":[3588],"tags":[],"_links":{"self":[{"href":"https:\/\/www.alquilerargentina.com\/blog\/wp-json\/wp\/v2\/posts\/18403"}],"collection":[{"href":"https:\/\/www.alquilerargentina.com\/blog\/wp-json\/wp\/v2\/posts"}],"about":[{"href":"https:\/\/www.alquilerargentina.com\/blog\/wp-json\/wp\/v2\/types\/post"}],"author":[{"embeddable":true,"href":"https:\/\/www.alquilerargentina.com\/blog\/wp-json\/wp\/v2\/users\/1"}],"replies":[{"embeddable":true,"href":"https:\/\/www.alquilerargentina.com\/blog\/wp-json\/wp\/v2\/comments?post=18403"}],"version-history":[{"count":20,"href":"https:\/\/www.alquilerargentina.com\/blog\/wp-json\/wp\/v2\/posts\/18403\/revisions"}],"predecessor-version":[{"id":18636,"href":"https:\/\/www.alquilerargentina.com\/blog\/wp-json\/wp\/v2\/posts\/18403\/revisions\/18636"}],"wp:featuredmedia":[{"embeddable":true,"href":"https:\/\/www.alquilerargentina.com\/blog\/wp-json\/wp\/v2\/media\/18409"}],"wp:attachment":[{"href":"https:\/\/www.alquilerargentina.com\/blog\/wp-json\/wp\/v2\/media?parent=18403"}],"wp:term":[{"taxonomy":"category","embeddable":true,"href":"https:\/\/www.alquilerargentina.com\/blog\/wp-json\/wp\/v2\/categories?post=18403"},{"taxonomy":"post_tag","embeddable":true,"href":"https:\/\/www.alquilerargentina.com\/blog\/wp-json\/wp\/v2\/tags?post=18403"}],"curies":[{"name":"wp","href":"https:\/\/api.w.org\/{rel}","templated":true}]}}