{"id":17830,"date":"2017-01-13T11:00:42","date_gmt":"2017-01-13T14:00:42","guid":{"rendered":"http:\/\/www.alquilerargentina.com\/blog\/?p=17830"},"modified":"2017-01-10T11:40:53","modified_gmt":"2017-01-10T14:40:53","slug":"turismo-aventura-para-este-verano","status":"publish","type":"post","link":"https:\/\/www.alquilerargentina.com\/blog\/paseos-y-excursiones\/turismo-aventura-para-este-verano.html","title":{"rendered":"5 opciones de turismo aventura para este verano"},"content":{"rendered":"<p style=\"text-align: justify;\">Pueden disfrutar de los mejores paisajes argentinos yendo a obras de teatro, ba\u00f1\u00e1ndose en el mar, sintiendo\u00a0las monta\u00f1as&#8230; O pueden hacerlo\u00a0volando sobre las sierras, buceando en la Patagonia, haciendo rafting en los mejores r\u00edos. Es decir, haciendo <strong>turismo aventura<\/strong>. A continuaci\u00f3n propuestas para este <strong>verano 2017<\/strong>.<\/p>\n<h2 style=\"text-align: justify;\">Buceo<\/h2>\n<p style=\"text-align: justify;\"><b><span style=\"color: #ff6600;\"><a style=\"color: #ff6600;\" href=\"http:\/\/www.alquilerargentina.com\/Chubut\/Puerto-Madryn\/?utm_source=alquilerargentina&amp;utm_medium=blog&amp;utm_campaign=destinos_verano_puertomadryn\" target=\"_blank\">Puerto Madryn<\/a><\/span>\u00a0<\/b>es la primera parada de este recorrido. Que sea\u00a0la <strong>\u201cCapital Nacional del Buceo\u201d<\/strong> ayuda y mucho.<\/p>\n<p style=\"text-align: justify;\"><a ref=\"magnificPopup\" href=\"http:\/\/www.alquilerargentina.com\/blog\/wp-content\/uploads\/2017\/01\/buceo.jpg\"><img loading=\"lazy\" decoding=\"async\" class=\"alignnone wp-image-17835 size-full\" src=\"http:\/\/www.alquilerargentina.com\/blog\/wp-content\/uploads\/2017\/01\/buceo.jpg\" alt=\"buceo\" width=\"785\" height=\"360\" srcset=\"https:\/\/blog3.alquilerargentina.com\/wp-content\/uploads\/2017\/01\/buceo.jpg 785w, https:\/\/blog3.alquilerargentina.com\/wp-content\/uploads\/2017\/01\/buceo-300x138.jpg 300w, https:\/\/blog3.alquilerargentina.com\/wp-content\/uploads\/2017\/01\/buceo-768x352.jpg 768w\" sizes=\"(max-width: 785px) 100vw, 785px\" \/><\/a><\/p>\n<p style=\"text-align: justify;\">Aguas transparentes y de temperaturas agradables, permiten practicar este deporte todo el a\u00f1o, y m\u00e1s en estos d\u00edas. Parques naturales submarinos, que permiten paseos por el fondo del mar inolvidables entre formaciones rocosas. El ecosistema natural patag\u00f3nico, para conocerlo con o sin experiencia (las empresas tienen diferentes servicios, sabiendo esto), siendo el bautismo desde los 8 a\u00f1os.<\/p>\n<blockquote>\n<p style=\"text-align: justify;\"><span style=\"color: #000000;\"><strong>Buceo o snorkeling con lobos marinos en la reserva natural de Punta Loma, es algo totalmente conmovedor ya que \u00a0los animales se acercan y juegan, en contacto directo con las personas.<\/strong><\/span><\/p>\n<\/blockquote>\n<p style=\"text-align: justify;\">[notification type=\u00bbnotification_info\u00bb ]<a href=\"http:\/\/www.alquilerargentina.com\/destinos\/puerto-madryn.html?utm_source=alquilerargentina&amp;utm_medium=blog&amp;utm_campaign=landing_puertomadryn\">Contrat\u00e1 los mejores prestadores de estas <strong>excursiones en Puerto Madryn<\/strong> ac\u00e1.<\/a>[\/notification]\n<h2 style=\"text-align: justify;\"><strong>Rafting<\/strong><\/h2>\n<p style=\"text-align: justify;\">Llegamos a <span style=\"color: #ff6600;\"><a style=\"color: #ff6600;\" href=\"http:\/\/www.alquilerargentina.com\/Mendoza\/?utm_source=alquilerargentina&amp;utm_medium=blog&amp;utm_campaign=destinos_verano_mendoza\" target=\"_blank\"><strong>Mendoza<\/strong><\/a><\/span>\u00a0para experimentar la aventura en los r\u00edos navegables de monta\u00f1a.<strong>\u00a0<\/strong>All\u00ed es el lugar donde el <strong>rafting<\/strong>,\u00a0el navegar en gomones gigantes y con grupos hasta ocho personas, es posible.<\/p>\n<p style=\"text-align: justify;\"><img loading=\"lazy\" decoding=\"async\" class=\"alignnone wp-image-17836 size-full\" src=\"http:\/\/www.alquilerargentina.com\/blog\/wp-content\/uploads\/2017\/01\/rafting.jpg\" alt=\"rafting\" width=\"785\" height=\"360\" srcset=\"https:\/\/blog3.alquilerargentina.com\/wp-content\/uploads\/2017\/01\/rafting.jpg 785w, https:\/\/blog3.alquilerargentina.com\/wp-content\/uploads\/2017\/01\/rafting-300x138.jpg 300w, https:\/\/blog3.alquilerargentina.com\/wp-content\/uploads\/2017\/01\/rafting-768x352.jpg 768w\" sizes=\"(max-width: 785px) 100vw, 785px\" \/><\/p>\n<p style=\"text-align: justify;\">Dos de los r\u00edos m\u00e1s populares para practicar el rafting son el Mendoza y el Atuel, con salidas para toda la familia, en partes m\u00e1s calmas y para los m\u00e1s arriesgados, los tramos m\u00e1s fuertes. Obviamente con todas las condiciones de seguridad. Es requisito, en la mayor\u00eda de los casos, ser mayor de 14 a\u00f1os y saber nadar.<\/p>\n<p style=\"text-align: justify;\"><a href=\"http:\/\/www.alquilerargentina.com\/Mendoza\/?utm_source=alquilerargentina&amp;utm_medium=blog&amp;utm_campaign=destinos_verano_mendoza\">Descans\u00e1 en estas <strong>caba\u00f1as y departamentos en Mendoza<\/strong>.<\/a><\/p>\n<h2 style=\"text-align: justify;\"><strong>Trekking<\/strong><\/h2>\n<p style=\"text-align: justify;\">El <strong>trekking<\/strong>\u00a0se puede realizar en cualquier punto del pa\u00eds sinceramente. Pero hay un lugar, que es el aconsejable, ya que es la <strong>\u00abCapital Nacional del Trekking\u00bb<\/strong>. Esto es en <span style=\"color: #ff6600;\"><a style=\"color: #ff6600;\" href=\"http:\/\/www.alquilerargentina.com\/Santa-Cruz\/El-Chalten\/?utm_source=alquilerargentina&amp;utm_medium=blog&amp;utm_campaign=destinos_verano_elchalten\" target=\"_blank\"><strong>El Chalt\u00e9n<\/strong><\/a><\/span>, donde\u00a0bosques a los pies del <strong>Cerro Fitz Roy<\/strong>, en el <strong>Parque Nacional Los Glaciares.\u00a0<\/strong><\/p>\n<p style=\"text-align: justify;\"><img loading=\"lazy\" decoding=\"async\" class=\"alignnone wp-image-17838 size-full\" src=\"http:\/\/www.alquilerargentina.com\/blog\/wp-content\/uploads\/2017\/01\/trekking.jpg\" alt=\"trekking\" width=\"785\" height=\"360\" srcset=\"https:\/\/blog3.alquilerargentina.com\/wp-content\/uploads\/2017\/01\/trekking.jpg 785w, https:\/\/blog3.alquilerargentina.com\/wp-content\/uploads\/2017\/01\/trekking-300x138.jpg 300w, https:\/\/blog3.alquilerargentina.com\/wp-content\/uploads\/2017\/01\/trekking-768x352.jpg 768w\" sizes=\"(max-width: 785px) 100vw, 785px\" \/><\/p>\n<p style=\"text-align: justify;\">Existen m\u00faltiples opciones con\u00a0distinto grado de dificultad, generalmente autoguiadas. Desde la m\u00e1s audaces, con campamento de 2 d\u00edas y 1 noche a sitios emblem\u00e1ticos, la <strong>Vuelta al Cerro Huemul<\/strong>\u00a0de 4 d\u00edas y 3 noches o la <strong>Expedici\u00f3n Hielos Continentales<\/strong> (de 7\u00a0a 10 d\u00edas), para caminar sobre la segunda extensi\u00f3n de hielo continental m\u00e1s grande del mundo. Tambi\u00e9n las salidas m\u00e1s simples a <strong>Chorrillo del Salto<\/strong>, que en poco m\u00e1s de media hora, los lleva hasta una cascada de 14 metros o <strong>Laguna Torre<\/strong>, para contemplar los\u00a03.000 metros del <strong>Cerro Torre<\/strong>.<\/p>\n<p style=\"text-align: justify;\"><a href=\"http:\/\/www.alquilerargentina.com\/Santa-Cruz\/El-Chalten\/?utm_source=alquilerargentina&amp;utm_medium=blog&amp;utm_campaign=destinos_verano_elchalten\" target=\"_blank\">Para descansar despu\u00e9s de las caminatas, alquil\u00e1 estas <strong>caba\u00f1as en El Chalt\u00e9n<\/strong>.<\/a><\/p>\n<h2 style=\"text-align: justify;\"><strong>Parapente<\/strong><\/h2>\n<p style=\"text-align: justify;\">En <span style=\"color: #ff6600;\"><a style=\"color: #ff6600;\" href=\"http:\/\/www.alquilerargentina.com\/C\u00f3rdoba\/?utm_source=alquilerargentina&amp;utm_medium=blog&amp;utm_campaign=destinos_verano_cordoba\" target=\"_blank\"><strong>C\u00f3rdoba<\/strong><\/a><\/span> podes\u00a0ver todo desde el aire en\u00a0el <strong>Mirador de Cuchi Corral<\/strong>, en el <strong><a href=\"http:\/\/www.alquilerargentina.com\/C\u00f3rdoba\/Valle-De-Punilla\/?utm_source=alquilerargentina&amp;utm_medium=blog&amp;utm_campaign=destinos_verano_valledepunilla\" target=\"_blank\">Valle de Punilla<\/a><\/strong>. En\u00a0<span style=\"color: #ff6600;\"><a style=\"color: #ff6600;\" href=\"http:\/\/www.alquilerargentina.com\/Tucum\u00e1n\/?utm_source=alquilerargentina&amp;utm_medium=blog&amp;utm_campaign=destinos_verano_tucuman\"><strong>Tucum\u00e1n<\/strong><\/a><\/span>, en<strong> Loma Bola<\/strong>, en la<strong> Sierra de San Javier<\/strong>, podes hacerlo desde la sede del\u00a0campeonato panamericano de parapente.<\/p>\n<p style=\"text-align: justify;\"><img loading=\"lazy\" decoding=\"async\" class=\"alignnone wp-image-17837 size-full\" src=\"http:\/\/www.alquilerargentina.com\/blog\/wp-content\/uploads\/2017\/01\/parapente-cba.jpg\" alt=\"parapente-cba\" width=\"785\" height=\"360\" srcset=\"https:\/\/blog3.alquilerargentina.com\/wp-content\/uploads\/2017\/01\/parapente-cba.jpg 785w, https:\/\/blog3.alquilerargentina.com\/wp-content\/uploads\/2017\/01\/parapente-cba-300x138.jpg 300w, https:\/\/blog3.alquilerargentina.com\/wp-content\/uploads\/2017\/01\/parapente-cba-768x352.jpg 768w\" sizes=\"(max-width: 785px) 100vw, 785px\" \/><\/p>\n<p style=\"text-align: justify;\">En ambos lados, instructores profesionales, certificados por la <strong>Federaci\u00f3n Argentina de Vuelo Libre<\/strong>, que compartir\u00e1n la pasi\u00f3n por el vuelo en <strong>parapente<\/strong>, para aquellos que ya lo tengan. Y para los que reci\u00e9n empiecen, que descubran el amor que les generar\u00e1 ver todo desde arriba.<\/p>\n<h2 style=\"text-align: justify;\"><strong>Paracaidismo<\/strong><\/h2>\n<p style=\"text-align: justify;\">Seguimos en el aire, para hablar de la \u00faltima posibilidad. M\u00e1s precisamente hablamos de paracaidismo y el mejor lugar para hacerlo, no es ni m\u00e1s ni menos que en la <strong>\u201cCapital Nacional del Paracaidismo\u201d<\/strong>: <span style=\"color: #ff6600;\"><a style=\"color: #ff6600;\" href=\"http:\/\/www.alquilerargentina.com\/Buenos-Aires\/Lobos\/?utm_source=alquilerargentina&amp;utm_medium=blog&amp;utm_campaign=destinos_verano_lobos\" target=\"_blank\"><strong>Lobos<\/strong><\/a><\/span>, a 100 km de <a href=\"http:\/\/www.alquilerargentina.com\/Buenos-Aires\/Capital-Federal\/?utm_source=alquilerargentina&amp;utm_medium=blog&amp;utm_campaign=destinos_verano_capitalfederal\" target=\"_blank\"><strong>Capital Federal<\/strong><\/a>.<\/p>\n<p style=\"text-align: justify;\">Esta zona, es la \u00fanica de saltos con espacio a\u00e9reo reservado para hacer paracaidismo, y con aviones propios habilitados por Fuerza A\u00e9rea. Los saltos bautismo del <strong>Club Escuela de Paracaidistas Argentinos<\/strong>, no se recomienda para personas que pesen m\u00e1s de 95 kilos o que sufran del coraz\u00f3n, columna, brazos o piernas.<\/p>\n<p style=\"text-align: justify;\"><img loading=\"lazy\" decoding=\"async\" class=\"alignnone wp-image-17831 size-full\" src=\"http:\/\/www.alquilerargentina.com\/blog\/wp-content\/uploads\/2017\/01\/lobos-paracaidismo.jpg\" alt=\"lobos-paracaidismo\" width=\"785\" height=\"360\" srcset=\"https:\/\/blog3.alquilerargentina.com\/wp-content\/uploads\/2017\/01\/lobos-paracaidismo.jpg 785w, https:\/\/blog3.alquilerargentina.com\/wp-content\/uploads\/2017\/01\/lobos-paracaidismo-300x138.jpg 300w, https:\/\/blog3.alquilerargentina.com\/wp-content\/uploads\/2017\/01\/lobos-paracaidismo-768x352.jpg 768w\" sizes=\"(max-width: 785px) 100vw, 785px\" \/><\/p>\n<p style=\"text-align: justify;\">Los saltos, comienzan con la\u00a0charla explicativa en el aer\u00f3dromo y en el avi\u00f3n, que en 20 minutos llega a la altura debida. Se salta con el instructor, y a los 1.500 metros de altura se abre el paraca\u00eddas para continuar descendiendo suavemente entre 6 y 10 minutos. Desde all\u00ed, la vista es impagable e impresionante.<\/p>\n<p style=\"text-align: justify;\"><a href=\"http:\/\/www.alquilerargentina.com\/Buenos-Aires\/Lobos\/?utm_source=alquilerargentina&amp;utm_medium=blog&amp;utm_campaign=destinos_verano_lobos\" target=\"_blank\">Al tocar tierra, <strong>encontr\u00e1 d\u00f3nde descansar en Lobos<\/strong>.<\/a><\/p>\n","protected":false},"excerpt":{"rendered":"<p>Pueden disfrutar de los mejores paisajes argentinos yendo a obras de teatro, ba\u00f1\u00e1ndose en el mar, sintiendo\u00a0las monta\u00f1as&#8230; O pueden hacerlo\u00a0volando sobre las sierras, buceando en la Patagonia, haciendo rafting en los mejores r\u00edos. Es decir, haciendo turismo aventura. A continuaci\u00f3n propuestas para este verano 2017. Buceo Puerto Madryn\u00a0es la primera parada de este recorrido&#8230;.<\/p>\n","protected":false},"author":1,"featured_media":17832,"comment_status":"open","ping_status":"open","sticky":false,"template":"","format":"standard","meta":{"footnotes":""},"categories":[3588],"tags":[],"_links":{"self":[{"href":"https:\/\/www.alquilerargentina.com\/blog\/wp-json\/wp\/v2\/posts\/17830"}],"collection":[{"href":"https:\/\/www.alquilerargentina.com\/blog\/wp-json\/wp\/v2\/posts"}],"about":[{"href":"https:\/\/www.alquilerargentina.com\/blog\/wp-json\/wp\/v2\/types\/post"}],"author":[{"embeddable":true,"href":"https:\/\/www.alquilerargentina.com\/blog\/wp-json\/wp\/v2\/users\/1"}],"replies":[{"embeddable":true,"href":"https:\/\/www.alquilerargentina.com\/blog\/wp-json\/wp\/v2\/comments?post=17830"}],"version-history":[{"count":10,"href":"https:\/\/www.alquilerargentina.com\/blog\/wp-json\/wp\/v2\/posts\/17830\/revisions"}],"predecessor-version":[{"id":17865,"href":"https:\/\/www.alquilerargentina.com\/blog\/wp-json\/wp\/v2\/posts\/17830\/revisions\/17865"}],"wp:featuredmedia":[{"embeddable":true,"href":"https:\/\/www.alquilerargentina.com\/blog\/wp-json\/wp\/v2\/media\/17832"}],"wp:attachment":[{"href":"https:\/\/www.alquilerargentina.com\/blog\/wp-json\/wp\/v2\/media?parent=17830"}],"wp:term":[{"taxonomy":"category","embeddable":true,"href":"https:\/\/www.alquilerargentina.com\/blog\/wp-json\/wp\/v2\/categories?post=17830"},{"taxonomy":"post_tag","embeddable":true,"href":"https:\/\/www.alquilerargentina.com\/blog\/wp-json\/wp\/v2\/tags?post=17830"}],"curies":[{"name":"wp","href":"https:\/\/api.w.org\/{rel}","templated":true}]}}