{"id":17370,"date":"2017-01-04T11:00:05","date_gmt":"2017-01-04T14:00:05","guid":{"rendered":"http:\/\/www.alquilerargentina.com\/blog\/?p=17370"},"modified":"2016-12-26T11:33:27","modified_gmt":"2016-12-26T14:33:27","slug":"el-cine-monumental-de-alta-gracia","status":"publish","type":"post","link":"https:\/\/www.alquilerargentina.com\/blog\/paseos-y-excursiones\/el-cine-monumental-de-alta-gracia.html","title":{"rendered":"Una monumental atracci\u00f3n en Alta Gracia"},"content":{"rendered":"<div class=\"teaser\">\n<p>La ciudad\u00a0recupera su hist\u00f3rico <strong>Cine Monumental Sierras de Alta Gracia,\u00a0<\/strong>es una noticia excelente, adem\u00e1s de una opci\u00f3n m\u00e1s para visitarla.<\/p>\n<h2 style=\"text-align: justify;\">Veo veo&#8230;<\/h2>\n<p style=\"text-align: justify;\"><span style=\"color: #ff6600;\"><a style=\"color: #ff6600;\" href=\"http:\/\/www.alquilerargentina.com\/C\u00f3rdoba\/Alta-Gracia\/?utm_source=alquilerargentina&amp;utm_medium=blog&amp;utm_campaign=destinos_verano_altagracia\" target=\"_blank\"><strong>Alta Gracia<\/strong><\/a><\/span> tiene varias atracciones para visitarla: <strong>El Tajamar, <\/strong>la<strong> Estancia Jesu\u00edtica<\/strong> y en ella el <strong>Museo Casa del Virrey Liniers<\/strong>. Para aquellos que sean religiosos, la <strong>Gruta de la Virgen de Lourdes<\/strong> es una opci\u00f3n sin igual; lo mismo que para los amantes de la historia y la lucha, que se llegan al <strong>Museo Casa de Ernesto \u00abChe\u00bb Guevara<\/strong>. Pero desde el pasado martes, un sue\u00f1o y un lugar nuevo comenzaron a tomar forma. O mejor dicho a recuperarse. Estamos hablando ni m\u00e1s ni menos que del\u00a0<strong>Cine Monumental Sierras de Alta Gracia.\u00a0<\/strong><\/p>\n<p style=\"text-align: justify;\">Este lugar fue, hasta que se abandon\u00f3, \u00edcono cultural de la\u00a0ciudad. Luego de\u00a0d\u00e9cadas de abandono, el cine comenzar\u00e1 al fin a resurgir, luego de que en 2012\u00a0la Municipalidad de Alta Gracia, comprara\u00a0en 10 cuotas el lugar y ahora, haciendo entrega de las llaves del edificio a la empresa adjudicada para su definitiva puesta en valor.<\/p>\n<p style=\"text-align: justify;\"><a ref=\"magnificPopup\" href=\"http:\/\/www.alquilerargentina.com\/blog\/wp-content\/uploads\/2016\/12\/cine-teatro-monumental.jpg\"><img loading=\"lazy\" decoding=\"async\" class=\"alignnone wp-image-17371 size-full\" src=\"http:\/\/www.alquilerargentina.com\/blog\/wp-content\/uploads\/2016\/12\/cine-teatro-monumental.jpg\" alt=\"cine-teatro-monumental\" width=\"785\" height=\"360\" srcset=\"https:\/\/blog3.alquilerargentina.com\/wp-content\/uploads\/2016\/12\/cine-teatro-monumental.jpg 785w, https:\/\/blog3.alquilerargentina.com\/wp-content\/uploads\/2016\/12\/cine-teatro-monumental-300x138.jpg 300w, https:\/\/blog3.alquilerargentina.com\/wp-content\/uploads\/2016\/12\/cine-teatro-monumental-768x352.jpg 768w\" sizes=\"(max-width: 785px) 100vw, 785px\" \/><\/a><\/p>\n<\/div>\n<div class=\"body\">\n<p style=\"text-align: justify;\">Este lugar fue la sala\u00a0m\u00e1s grande de C\u00f3rdoba y con la mejor ac\u00fastica de Sudam\u00e9rica. Pero no solamente fueron pel\u00edculas las que pasaron por all\u00ed, sino que tambi\u00e9n lo hicieron artistas consagrados y todo el quehacer social, cultural y educativo de la ciudad.<\/p>\n<p style=\"text-align: justify;\"><a href=\"http:\/\/www.alquilerargentina.com\/C\u00f3rdoba\/Alta-Gracia\/?utm_source=alquilerargentina&amp;utm_medium=blog&amp;utm_campaign=destinos_verano_altagracia\" target=\"_blank\">Ac\u00e1 los mejores<strong> alquileres temporarios de Alta Gracia<\/strong>.<\/a><\/p>\n<h2><span class=\"SubTitulo\">Historia y presente<\/span><\/h2>\n<p style=\"text-align: justify;\">El Monumental Sierras naci\u00f3 en\u00a01953, cuando se cre\u00f3 la empresa Cicomer SA, con cuatro mil acciones compradas por muchos vecinos de <strong>Alta Gracia<\/strong>. El lugar fue resultado del sue\u00f1o de muchos vecinos de la ciudad enmarcado en un contexto donde el <strong>cine argentino<\/strong>, pasaba su mejor \u00e9poca. Un a\u00f1o m\u00e1s tarde, ya estaba en funcionamiento.<\/p>\n<p style=\"text-align: justify;\">Hasta los &#8217;80, su actividad fue ininterrumpida hasta que en esa d\u00e9cada, comenz\u00f3 a decaer. Problemas edilicios, proyecciones deficientes, nadie que se hiciera cargo, llevaron a este lugar -poco a poco- al abandono y a la impotencia de los lugare\u00f1os al ver como se ven\u00eda abajo. Ni siquiera sirvi\u00f3 la intenci\u00f3n de declararlo \u201cde inter\u00e9s municipal\u201d para salvarlo.<\/p>\n<p><a ref=\"magnificPopup\" href=\"http:\/\/www.alquilerargentina.com\/blog\/wp-content\/uploads\/2016\/12\/cine-abandono.jpg\"><img loading=\"lazy\" decoding=\"async\" class=\"alignnone wp-image-17372 size-full\" src=\"http:\/\/www.alquilerargentina.com\/blog\/wp-content\/uploads\/2016\/12\/cine-abandono.jpg\" alt=\"cine-abandono\" width=\"785\" height=\"360\" srcset=\"https:\/\/blog3.alquilerargentina.com\/wp-content\/uploads\/2016\/12\/cine-abandono.jpg 785w, https:\/\/blog3.alquilerargentina.com\/wp-content\/uploads\/2016\/12\/cine-abandono-300x138.jpg 300w, https:\/\/blog3.alquilerargentina.com\/wp-content\/uploads\/2016\/12\/cine-abandono-768x352.jpg 768w\" sizes=\"(max-width: 785px) 100vw, 785px\" \/><\/a><\/p>\n<p style=\"text-align: justify;\">En enero de 2016, el gobernador Juan Schiaretti y el intendente de la ciudad suscribieron un convenio para la adquisici\u00f3n y la puesta en valor del cine, que implica una inversi\u00f3n provincial de 34,6 millones. La misma significa recuperar los colores originales y el mobiliario de \u00e9poca, por lo que las butacas ser\u00e1n conservadas en forma integral y se mantendr\u00e1 la capacidad de 1.211 espectadores. Es decir que se aprovecha y respeta la riqueza espacial del proyecto original.<\/p>\n<p style=\"text-align: justify;\">Se ampliar\u00e1n los espacios de circulaci\u00f3n en la sala y del\u00a0pullman, agregando accesibilidad a ambos espacios para personas de movilidad reducida, hipoac\u00fasicos y no videntes. Tambi\u00e9n sumando servicios sanitarios adecuados a los usos p\u00fablicos. Todo ser\u00e1 llevado a cabo por los arquitectos Bettina Kropf y Ernesto Sami Gazal para que recupere algo que nunca debi\u00f3 haber perdido.<\/p>\n<p style=\"text-align: justify;\"><a ref=\"magnificPopup\" href=\"http:\/\/www.alquilerargentina.com\/blog\/wp-content\/uploads\/2016\/12\/recuperacion-cine.jpg\"><img loading=\"lazy\" decoding=\"async\" class=\"alignnone wp-image-17376 size-full\" src=\"http:\/\/www.alquilerargentina.com\/blog\/wp-content\/uploads\/2016\/12\/recuperacion-cine.jpg\" alt=\"recuperacion-cine\" width=\"785\" height=\"360\" srcset=\"https:\/\/blog3.alquilerargentina.com\/wp-content\/uploads\/2016\/12\/recuperacion-cine.jpg 785w, https:\/\/blog3.alquilerargentina.com\/wp-content\/uploads\/2016\/12\/recuperacion-cine-300x138.jpg 300w, https:\/\/blog3.alquilerargentina.com\/wp-content\/uploads\/2016\/12\/recuperacion-cine-768x352.jpg 768w\" sizes=\"(max-width: 785px) 100vw, 785px\" \/><\/a><\/p>\n<p>La ciudad recupera uno de sus componentes culturales que m\u00e1s la destac\u00f3. Pasen&#8230; y vean.<\/p>\n<\/div>\n","protected":false},"excerpt":{"rendered":"<p>La ciudad\u00a0recupera su hist\u00f3rico Cine Monumental Sierras de Alta Gracia,\u00a0es una noticia excelente, adem\u00e1s de una opci\u00f3n m\u00e1s para visitarla. Veo veo&#8230; Alta Gracia tiene varias atracciones para visitarla: El Tajamar, la Estancia Jesu\u00edtica y en ella el Museo Casa del Virrey Liniers. Para aquellos que sean religiosos, la Gruta de la Virgen de Lourdes&#8230;<\/p>\n","protected":false},"author":1,"featured_media":17377,"comment_status":"open","ping_status":"open","sticky":false,"template":"","format":"standard","meta":{"footnotes":""},"categories":[3588],"tags":[],"_links":{"self":[{"href":"https:\/\/www.alquilerargentina.com\/blog\/wp-json\/wp\/v2\/posts\/17370"}],"collection":[{"href":"https:\/\/www.alquilerargentina.com\/blog\/wp-json\/wp\/v2\/posts"}],"about":[{"href":"https:\/\/www.alquilerargentina.com\/blog\/wp-json\/wp\/v2\/types\/post"}],"author":[{"embeddable":true,"href":"https:\/\/www.alquilerargentina.com\/blog\/wp-json\/wp\/v2\/users\/1"}],"replies":[{"embeddable":true,"href":"https:\/\/www.alquilerargentina.com\/blog\/wp-json\/wp\/v2\/comments?post=17370"}],"version-history":[{"count":7,"href":"https:\/\/www.alquilerargentina.com\/blog\/wp-json\/wp\/v2\/posts\/17370\/revisions"}],"predecessor-version":[{"id":17385,"href":"https:\/\/www.alquilerargentina.com\/blog\/wp-json\/wp\/v2\/posts\/17370\/revisions\/17385"}],"wp:featuredmedia":[{"embeddable":true,"href":"https:\/\/www.alquilerargentina.com\/blog\/wp-json\/wp\/v2\/media\/17377"}],"wp:attachment":[{"href":"https:\/\/www.alquilerargentina.com\/blog\/wp-json\/wp\/v2\/media?parent=17370"}],"wp:term":[{"taxonomy":"category","embeddable":true,"href":"https:\/\/www.alquilerargentina.com\/blog\/wp-json\/wp\/v2\/categories?post=17370"},{"taxonomy":"post_tag","embeddable":true,"href":"https:\/\/www.alquilerargentina.com\/blog\/wp-json\/wp\/v2\/tags?post=17370"}],"curies":[{"name":"wp","href":"https:\/\/api.w.org\/{rel}","templated":true}]}}