{"id":15558,"date":"2016-10-15T11:30:22","date_gmt":"2016-10-15T14:30:22","guid":{"rendered":"http:\/\/www.alquilerargentina.com\/blog\/?p=15558"},"modified":"2016-10-12T13:41:47","modified_gmt":"2016-10-12T16:41:47","slug":"los-rios-mas-lindos-de-argentina","status":"publish","type":"post","link":"https:\/\/www.alquilerargentina.com\/blog\/tips\/los-rios-mas-lindos-de-argentina.html","title":{"rendered":"Los r\u00edos m\u00e1s lindos de Argentina"},"content":{"rendered":"<p style=\"text-align: justify;\"><em>Pasar los d\u00edas calurosos de <strong>verano<\/strong>, o hacer una <strong>escapada de fin de semana<\/strong> hacia destinos donde la naturaleza sea la protagonista especial, es un plan perfecto para realizar con la familia, amigos o pareja.<\/em><\/p>\n<p style=\"text-align: justify;\">Disfrutar de un d\u00eda entero a la vera de las aguas cristalinas de un r\u00edo, descansar en sus arenas y salir a explorar, es la propuesta que<strong> los r\u00edos m\u00e1s lindos de Argentina<\/strong> traen para vos.<\/p>\n<p><iframe loading=\"lazy\" class=\"giphy-embed\" src=\"\/\/giphy.com\/embed\/TnDoEoXfT7YoE\" width=\"480\" height=\"270\" frameborder=\"0\" allowfullscreen=\"allowfullscreen\"><\/iframe><\/p>\n<p><a href=\"https:\/\/giphy.com\/gifs\/river-mountain-earth-porn-TnDoEoXfT7YoE\">via GIPHY<\/a><\/p>\n<h2 style=\"text-align: justify;\"><strong>Los r\u00edos que todo aventurero quiere conocer<\/strong><\/h2>\n<p style=\"text-align: justify;\">Hacia el sur de la <strong>Argentina<\/strong> se encuentra la famosa <span style=\"color: #ff6600;\"><strong>Ruta de los Siete Lagos,<\/strong> <\/span>un deslumbrante camino de 110 km de <a href=\"http:\/\/www.alquilerargentina.com\/Neuquen\/Villa-La-Angostura\/?utm_source=alquilerargentina&amp;utm_medium=blog&amp;utm_campaign=destinos_VillaLaAngostura\" target=\"_blank\"><strong>Villa La Angostura<\/strong> <\/a>a <a href=\"http:\/\/www.alquilerargentina.com\/Neuqu%C3%A9n\/San-Mart%C3%ADn-De-Los-Andes\/?utm_source=alquilerargentina&amp;utm_medium=blog&amp;utm_campaign=destinos_SanMart%C3%ADnDeLosAndes\" target=\"_blank\"><strong>San Mart\u00edn de los Andes.<\/strong><\/a> Se trata de uno de los puntos tur\u00edsticos m\u00e1s transitados por los turistas que visitan <strong><a href=\"http:\/\/www.alquilerargentina.com\/Neuquen\/?utm_source=alquilerargentina&amp;utm_medium=blog&amp;utm_campaign=destinos_Nequen\" target=\"_blank\">Neuqu\u00e9<\/a>n<\/strong> en verano, especialmente por grupos de j\u00f3venes que desean emprender una aventura gasolera.<\/p>\n<p style=\"text-align: justify;\"><a ref=\"magnificPopup\" href=\"http:\/\/www.alquilerargentina.com\/blog\/wp-content\/uploads\/2016\/10\/ruta-de-los-siete-lagos-puente.jpg\"><img loading=\"lazy\" decoding=\"async\" class=\"alignnone wp-image-15573 size-full\" src=\"http:\/\/www.alquilerargentina.com\/blog\/wp-content\/uploads\/2016\/10\/ruta-de-los-siete-lagos-puente.jpg\" alt=\"ruta-de-los-siete-lagos-puente\" width=\"785\" height=\"360\" srcset=\"https:\/\/blog3.alquilerargentina.com\/wp-content\/uploads\/2016\/10\/ruta-de-los-siete-lagos-puente.jpg 785w, https:\/\/blog3.alquilerargentina.com\/wp-content\/uploads\/2016\/10\/ruta-de-los-siete-lagos-puente-300x138.jpg 300w, https:\/\/blog3.alquilerargentina.com\/wp-content\/uploads\/2016\/10\/ruta-de-los-siete-lagos-puente-768x352.jpg 768w\" sizes=\"(max-width: 785px) 100vw, 785px\" \/><\/a><\/p>\n<p style=\"text-align: justify;\">Ese vistoso conjunto de lagos transparentes y bosques enmarcados por la silueta cambiante de la Cordillera se replica en el <strong>Parque Nacional Lan\u00edn<\/strong>, <a href=\"http:\/\/www.alquilerargentina.com\/Neuquen\/Villa-Pehuenia\/?utm_source=alquilerargentina&amp;utm_medium=blog&amp;utm_campaign=destinos_VillaPehuenia\" target=\"_blank\">Villa Pehuenia<\/a> y<a href=\"http:\/\/www.alquilerargentina.com\/Neuquen\/Caviahue\/?utm_source=alquilerargentina&amp;utm_medium=blog&amp;utm_campaign=destinos_Caviahue\" target=\"_blank\"> Caviahue<\/a>.\u00a0El Camino de los 7 lagos puede hacerse durante todo el a\u00f1o, s\u00f3lo se cierra algunos d\u00edas de nevada intensa, en pleno invierno.<\/p>\n<p style=\"text-align: justify;\"><a href=\"http:\/\/www.alquilerargentina.com\/Neuquen\/?utm_source=alquilerargentina&amp;utm_medium=blog&amp;utm_campaign=destinos_Nequen\" target=\"_blank\">Alojamientos y ofertas imperdibles en<strong> <span style=\"color: #ff6600;\">Neuqu\u00e9n<\/span><\/strong><\/a><\/p>\n<h2 style=\"text-align: justify;\">Playas en Los Reartes, C\u00f3rdoba<\/h2>\n<p style=\"text-align: justify;\">A 9 km al norte de la localidad de <a href=\"http:\/\/www.alquilerargentina.com\/Cordoba\/Villa-General-Belgrano\/?utm_source=alquilerargentina&amp;utm_medium=blog&amp;utm_campaign=destinos_VillaGeneralBelgrano\" target=\"_blank\"><strong>Villa General Belgrano<\/strong> <\/a>y a 66 km de la <strong><a href=\"http:\/\/www.alquilerargentina.com\/Cordoba\/Ciudad-De-Cordoba\/?utm_source=alquilerargentina&amp;utm_medium=blog&amp;utm_campaign=destinos_CiudadDeCordoba\" target=\"_blank\">Ciudad de C\u00f3rdoba<\/a><\/strong>, el <a href=\"http:\/\/www.alquilerargentina.com\/Cordoba\/Valle-De-Calamuchita\/?utm_source=alquilerargentina&amp;utm_medium=blog&amp;utm_campaign=destinos_ValleDeCalamuchita\" target=\"_blank\"><strong>Valle de Calamuchita<\/strong><\/a> atesora un rinc\u00f3n que embellece el paisaje y atrae a turistas que buscan tranquilidad.<\/p>\n<p style=\"text-align: justify;\">La localidad de<a href=\"http:\/\/www.alquilerargentina.com\/Cordoba\/Los-Reartes\/?utm_source=alquilerargentina&amp;utm_medium=blog&amp;utm_campaign=destinos_LosReartes\" target=\"_blank\"> Los Reartes<\/a> es perfecta para pasar los d\u00edas de calor. Con un r\u00edo que ba\u00f1a las orillas de su camping principal y deja contemplar sus casi 100 metros de playas, invita a todos aquellos que busquen refrescarse, brindado la seguridad para toda la familia, con tan solo 50 cm de profundidad.<\/p>\n<p style=\"text-align: justify;\"><a ref=\"magnificPopup\" href=\"http:\/\/www.alquilerargentina.com\/blog\/wp-content\/uploads\/2016\/10\/los-reartes-final.jpg\"><img loading=\"lazy\" decoding=\"async\" class=\"alignnone wp-image-15574 size-full\" src=\"http:\/\/www.alquilerargentina.com\/blog\/wp-content\/uploads\/2016\/10\/los-reartes-final.jpg\" alt=\"Los r\u00edos m\u00e1s lindos de Argentina - los-reartes-final\" width=\"785\" height=\"360\" srcset=\"https:\/\/blog3.alquilerargentina.com\/wp-content\/uploads\/2016\/10\/los-reartes-final.jpg 785w, https:\/\/blog3.alquilerargentina.com\/wp-content\/uploads\/2016\/10\/los-reartes-final-300x138.jpg 300w, https:\/\/blog3.alquilerargentina.com\/wp-content\/uploads\/2016\/10\/los-reartes-final-768x352.jpg 768w\" sizes=\"(max-width: 785px) 100vw, 785px\" \/><\/a><\/p>\n<p style=\"text-align: justify;\">Durante los meses de enero y febrero de cada verano, el<span style=\"color: #ff6600;\"><strong> R\u00edo de Los Reartes<\/strong> <\/span>cuenta con\u00a0 \u201cSectores controlados\u201d,\u00a0 en donde\u00a0 se puede disfrutar del servicio de asadores, ba\u00f1os y estacionamiento distribuidos en los\u00a0 sectores:<strong> La Toma, El Aguacero, La Tasca sobre Costanera Ra\u00fal Alfons\u00edn\u00a0 <\/strong>y<strong> El Chorro en la costanera Bartolom\u00e9 Lema.<\/strong><\/p>\n<p style=\"text-align: justify;\"><a href=\"http:\/\/www.alquilerargentina.com\/Cordoba\/Los-Reartes\/?utm_source=alquilerargentina&amp;utm_medium=blog&amp;utm_campaign=destinos_LosReartes\" target=\"_blank\">Casas, caba\u00f1as, y m\u00e1s alojamientos en<span style=\"color: #ff6600;\"><strong> Los Reartes<\/strong><\/span><\/a><\/p>\n<h2 style=\"text-align: justify;\"><strong>Playas y diversi\u00f3n en Cuesta Blanca<\/strong><\/h2>\n<p style=\"text-align: justify;\">Las playas de <span style=\"color: #ff6600;\"><a style=\"color: #ff6600;\" href=\"http:\/\/www.alquilerargentina.com\/Cordoba\/Cuesta-Blanca\/?utm_source=alquilerargentina&amp;utm_medium=blog&amp;utm_campaign=destinos_CuestaBlanca\" target=\"_blank\"><strong>Cuesta Blanca<\/strong><\/a><\/span>, \u00a0ofrecen al visitante alternativas para disfrutar el calor del verano a pocos kil\u00f3metros de <strong><a href=\"http:\/\/www.alquilerargentina.com\/Cordoba\/Villa-Carlos-Paz\/?utm_source=alquilerargentina&amp;utm_medium=blog&amp;utm_campaign=destinos_VillaCarlosPaz\" target=\"_blank\">Villa Carlos Paz<\/a><\/strong>. Por encontrarse en el camino hacia las <strong>Altas Cumbres<\/strong>, el agua va alternando las zonas rocosas con las de arena y las espectaculares ollas para los que prefieren nadar.<\/p>\n<p style=\"text-align: justify;\"><a ref=\"magnificPopup\" href=\"http:\/\/www.alquilerargentina.com\/blog\/wp-content\/uploads\/2016\/10\/cuesta-blanca-final.jpg\"><img loading=\"lazy\" decoding=\"async\" class=\"alignnone wp-image-15575 size-full\" src=\"http:\/\/www.alquilerargentina.com\/blog\/wp-content\/uploads\/2016\/10\/cuesta-blanca-final.jpg\" alt=\"Los r\u00edos m\u00e1s lindos de Argentina - cuesta-blanca-final\" width=\"785\" height=\"360\" srcset=\"https:\/\/blog3.alquilerargentina.com\/wp-content\/uploads\/2016\/10\/cuesta-blanca-final.jpg 785w, https:\/\/blog3.alquilerargentina.com\/wp-content\/uploads\/2016\/10\/cuesta-blanca-final-300x138.jpg 300w, https:\/\/blog3.alquilerargentina.com\/wp-content\/uploads\/2016\/10\/cuesta-blanca-final-768x352.jpg 768w\" sizes=\"(max-width: 785px) 100vw, 785px\" \/><\/a><\/p>\n<p style=\"text-align: justify;\">Todos los servicios que busque el turista los encontrar\u00e1 en las playas de Cuesta Blanca que se extienden por la costa ofreciendo espacios para reunirse a disfrutar de excelentes asados en familia y con amigos. Una experiencia fascinante para disfrutar del sol y el agua en medio de las sierras cordobesas.<\/p>\n<p style=\"text-align: justify;\"><a href=\"http:\/\/www.alquilerargentina.com\/Cordoba\/Cuesta-Blanca\/?utm_source=alquilerargentina&amp;utm_medium=blog&amp;utm_campaign=destinos_CuestaBlanca\" target=\"_blank\">Encontr\u00e1 <strong>ofertas<\/strong> en todo tipo de <strong>alojamiento<\/strong>, y reserv\u00e1 en\u00a0<strong><span style=\"color: #ff6600;\">Cuesta Blanca<\/span><\/strong><\/a><\/p>\n<h2 style=\"text-align: justify;\"><strong>R\u00edo El\u00a0<\/strong>Volc\u00e1n, San Luis<\/h2>\n<p style=\"text-align: justify;\">La villa tur\u00edstica\u00a0<strong><a href=\"http:\/\/www.alquilerargentina.com\/San-Luis\/El-Volcan\/?utm_source=alquilerargentina&amp;utm_medium=blog&amp;utm_campaign=destinos_ElVolcan\" target=\"_blank\">El Volc\u00e1n<\/a><\/strong> se encuentra a 18 km de<strong>\u00a0<a href=\"http:\/\/www.alquilerargentina.com\/San-Luis\/?utm_source=alquilerargentina&amp;utm_medium=blog&amp;utm_campaign=destinos_SanLuis\" target=\"_blank\">San Luis<\/a><\/strong>. Su\u00a0nombre se debe al <strong><span style=\"color: #ff6600;\">r\u00edo Volc\u00e1n<\/span> <\/strong>que pasa por la localidad\u00a0cuyo cauce de aguas tranquilas y transparentes invitan a la pesca, hacer pic-nic en sus orillas o bien al descanso visual mientras se lo mira, es un destino perfecto para\u00a0todo aquel que tenga ganas de disfrutar de la naturaleza en cualquier momento.<\/p>\n<p style=\"text-align: justify;\">El Volc\u00e1n es ideal para la pr\u00e1ctica de diversas actividades deportivas y recreativas, destac\u00e1ndose las caminatas y cabalgatas en sus senderos, y la pesca de pejerreyes y truchas en los embalses y arroyos cercanos.<\/p>\n<p style=\"text-align: justify;\"><a ref=\"magnificPopup\" href=\"http:\/\/www.alquilerargentina.com\/blog\/wp-content\/uploads\/2016\/10\/rio-el-volcan-final.jpg\"><img loading=\"lazy\" decoding=\"async\" class=\"alignnone wp-image-15576 size-full\" src=\"http:\/\/www.alquilerargentina.com\/blog\/wp-content\/uploads\/2016\/10\/rio-el-volcan-final.jpg\" alt=\"Los r\u00edos m\u00e1s lindos de Argentina - rio-el-volcan-final\" width=\"785\" height=\"360\" srcset=\"https:\/\/blog3.alquilerargentina.com\/wp-content\/uploads\/2016\/10\/rio-el-volcan-final.jpg 785w, https:\/\/blog3.alquilerargentina.com\/wp-content\/uploads\/2016\/10\/rio-el-volcan-final-300x138.jpg 300w, https:\/\/blog3.alquilerargentina.com\/wp-content\/uploads\/2016\/10\/rio-el-volcan-final-768x352.jpg 768w\" sizes=\"(max-width: 785px) 100vw, 785px\" \/><\/a><\/p>\n<p style=\"text-align: justify;\">Esta villa veraniega es una de las tantas localidades puntanas que, recostadas sobrelas sierras, ofrecen paisajes con opciones culturales, hist\u00f3ricas y por supuesto, de armon\u00eda con la naturaleza.<\/p>\n<p style=\"text-align: justify;\"><a href=\"http:\/\/www.alquilerargentina.com\/San-Luis\/El-Volcan\/?utm_source=alquilerargentina&amp;utm_medium=blog&amp;utm_campaign=destinos_ElVolcan\" target=\"_blank\"><strong>Ofertas<\/strong> y <strong>alojamientos<\/strong> imperdibles en<strong>\u00a0<span style=\"color: #ff6600;\">El Volc\u00e1n<\/span><\/strong><\/a><\/p>\n<h2 style=\"text-align: justify;\">Valle Grande y R\u00edo Atuel<\/h2>\n<p style=\"text-align: justify;\">A 37 km de <strong><a href=\"http:\/\/www.alquilerargentina.com\/Mendoza\/San-Rafael\/?utm_source=alquilerargentina&amp;utm_medium=blog&amp;utm_campaign=destinos_SanRafael\" target=\"_blank\">San Rafael<\/a><\/strong>, provincia de<strong><a href=\"http:\/\/www.alquilerargentina.com\/Mendoza\/?utm_source=alquilerargentina&amp;utm_medium=blog&amp;utm_campaign=destinos_Mendoza\" target=\"_blank\"> Mendoza<\/a><\/strong>, se encuentra el circuito m\u00e1s pintoresco y visitado de la zona. Uno de los lugares tur\u00edsticos con mayor infraestructura para recibir a los turistas aventureros, amantes de la naturaleza y que buscan una conexi\u00f3n fuera de la ciudad realizando cabalgatas, caminatas, bicicleta de monta\u00f1a y rafting por el<strong><span style=\"color: #ff6600;\"> r\u00edo Atuel<\/span>.<\/strong>\u00a0La zona, adem\u00e1s, \u00a0tiene paredones rocosos donde se practican deportes de aventura como la tirolesa, el rappel y la escalada en roca.<\/p>\n<p style=\"text-align: justify;\"><a href=\"http:\/\/www.alquilerargentina.com\/blog\/?attachment_id=15577\"><img loading=\"lazy\" decoding=\"async\" class=\"alignnone wp-image-15577 size-full\" src=\"http:\/\/www.alquilerargentina.com\/blog\/wp-content\/uploads\/2016\/10\/rio-atuel-final.jpg\" alt=\"Los r\u00edos m\u00e1s lindos de Argentina - rio-atuel-final\" width=\"785\" height=\"360\" srcset=\"https:\/\/blog3.alquilerargentina.com\/wp-content\/uploads\/2016\/10\/rio-atuel-final.jpg 785w, https:\/\/blog3.alquilerargentina.com\/wp-content\/uploads\/2016\/10\/rio-atuel-final-300x138.jpg 300w, https:\/\/blog3.alquilerargentina.com\/wp-content\/uploads\/2016\/10\/rio-atuel-final-768x352.jpg 768w\" sizes=\"(max-width: 785px) 100vw, 785px\" \/><\/a><\/p>\n<p style=\"text-align: justify;\">Una represa sobre el<strong>\u00a0<\/strong>r\u00edo Atuel da origen al Embalse de Valle Grande, un imponente espejo de agua con hermosos paisajes y donde se puede realizar paseos en canoa, catamar\u00e1n, jet sky, y principalmente, disfrutar del sol y del agua.<\/p>\n<p style=\"text-align: justify;\"><a href=\"http:\/\/www.alquilerargentina.com\/Mendoza\/?utm_source=alquilerargentina&amp;utm_medium=blog&amp;utm_campaign=destinos_Mendoza\" target=\"_blank\"><strong>Ofertas<\/strong> y propuestas de <strong>alojamientos<\/strong> en <strong><span style=\"color: #ff6600;\">Mendoza<\/span><\/strong><\/a><\/p>\n<h2 style=\"text-align: justify;\"><strong>A lo largo de los\u00a0r\u00edos\u00a0entrerrianos<\/strong><\/h2>\n<p style=\"text-align: justify;\">Las playas y balnearios de<strong><a href=\"http:\/\/www.alquilerargentina.com\/Entre-Rios\/?utm_source=alquilerargentina&amp;utm_medium=blog&amp;utm_campaign=destinos_entrerios\" target=\"_blank\"> Entre R\u00edos<\/a><\/strong>, si bien ser encuentran cercanos a los centros urbanos, est\u00e1n rodeadas de magnifica naturaleza, y son espacios son muy tranquilos y de ambiente familiar. Tenderse al sol sobre los finos arenales, disfrutar de las aguas tibias, lanzarse a la pr\u00e1ctica de deportes n\u00e1uticos o hallar el descanso sumergi\u00e9ndose en la serenidad reinante, hacen a los lineamientos generales de la irresistible cartelera.<\/p>\n<p style=\"text-align: justify;\">Protagonizan esta escena veraniega, las playas y balnearios tendidos a la vera de los<span style=\"color: #ff6600;\"><strong> r\u00edos Paran\u00e1, Uruguay, Gualeguay,<\/strong><\/span> adem\u00e1s de riachos, arroyos y lagos, que despiertan en su zona de influencia magn\u00edficas opciones de descanso, esparcimiento y recreaci\u00f3n.<\/p>\n<p style=\"text-align: justify;\"><a ref=\"magnificPopup\" href=\"http:\/\/www.alquilerargentina.com\/blog\/wp-content\/uploads\/2016\/10\/federacion-entre-rios-final.jpg\"><img loading=\"lazy\" decoding=\"async\" class=\"alignnone wp-image-15578 size-full\" src=\"http:\/\/www.alquilerargentina.com\/blog\/wp-content\/uploads\/2016\/10\/federacion-entre-rios-final.jpg\" alt=\"Los r\u00edos m\u00e1s lindos de Argentina- federacion-entre-rios-final\" width=\"785\" height=\"360\" srcset=\"https:\/\/blog3.alquilerargentina.com\/wp-content\/uploads\/2016\/10\/federacion-entre-rios-final.jpg 785w, https:\/\/blog3.alquilerargentina.com\/wp-content\/uploads\/2016\/10\/federacion-entre-rios-final-300x138.jpg 300w, https:\/\/blog3.alquilerargentina.com\/wp-content\/uploads\/2016\/10\/federacion-entre-rios-final-768x352.jpg 768w\" sizes=\"(max-width: 785px) 100vw, 785px\" \/><\/a><\/p>\n<p style=\"text-align: justify;\"><strong>Entre R\u00edos<\/strong> cuenta con una decena de localidades termales, con buenos servicios en infraestructura. Por ejemplo, en<strong><a href=\"http:\/\/www.alquilerargentina.com\/Entre-Rios\/Federacion\/?utm_source=alquilerargentina&amp;utm_medium=blog&amp;utm_campaign=destinos_Federacion\" target=\"_blank\"> Federaci\u00f3n, <\/a><a href=\"http:\/\/www.alquilerargentina.com\/Entre-Rios\/Villa-Elisa\/?utm_source=alquilerargentina&amp;utm_medium=blog&amp;utm_campaign=destinos_villaelisa\" target=\"_blank\">Villa Elisa,<\/a> <a href=\"http:\/\/www.alquilerargentina.com\/Entre-Rios\/Concordia\/?utm_source=alquilerargentina&amp;utm_medium=blog&amp;utm_campaign=destinos_Concordia\" target=\"_blank\">Concordia<\/a>, <a href=\"http:\/\/www.alquilerargentina.com\/Entre-Rios\/Colon\/?utm_source=alquilerargentina&amp;utm_medium=blog&amp;utm_campaign=destinos_Colon\" target=\"_blank\">Col\u00f3n <\/a><\/strong>y<a href=\"http:\/\/www.alquilerargentina.com\/Entre-Rios\/Gualeguaychu\/?utm_source=alquilerargentina&amp;utm_medium=blog&amp;utm_campaign=destinos_Gualeguaychu\" target=\"_blank\"><strong> Gualeguaych\u00fa<\/strong><\/a>, donde en verano estalla la m\u00e1s famosa fiesta de Carnaval del pa\u00eds.<\/p>\n<p style=\"text-align: justify;\"><a href=\"http:\/\/www.alquilerargentina.com\/Entre-Rios\/?utm_source=alquilerargentina&amp;utm_medium=blog&amp;utm_campaign=destinos_entrerios\" target=\"_blank\">Encontr\u00e1 ofertas de alojamientos en <strong><span style=\"color: #ff6600;\">Entre R\u00edos<\/span><\/strong><\/a><\/p>\n<p style=\"text-align: justify;\"><a href=\"http:\/\/www.alquilerargentina.com\/\" target=\"_blank\">Anticipate a los d\u00edas de<strong> verano<\/strong> y primaveras c\u00e1lidas, conociendo los r\u00edos m\u00e1s lindos y alquilando en distintos rincones de nuestro pa\u00eds.<\/a><\/p>\n<p>&nbsp;<\/p>\n","protected":false},"excerpt":{"rendered":"<p>Pasar los d\u00edas calurosos de verano, o hacer una escapada de fin de semana hacia destinos donde la naturaleza sea la protagonista especial, es un plan perfecto para realizar con la familia, amigos o pareja. Disfrutar de un d\u00eda entero a la vera de las aguas cristalinas de un r\u00edo, descansar en sus arenas y&#8230;<\/p>\n","protected":false},"author":1,"featured_media":15572,"comment_status":"open","ping_status":"open","sticky":false,"template":"","format":"standard","meta":{"footnotes":""},"categories":[1269],"tags":[],"_links":{"self":[{"href":"https:\/\/www.alquilerargentina.com\/blog\/wp-json\/wp\/v2\/posts\/15558"}],"collection":[{"href":"https:\/\/www.alquilerargentina.com\/blog\/wp-json\/wp\/v2\/posts"}],"about":[{"href":"https:\/\/www.alquilerargentina.com\/blog\/wp-json\/wp\/v2\/types\/post"}],"author":[{"embeddable":true,"href":"https:\/\/www.alquilerargentina.com\/blog\/wp-json\/wp\/v2\/users\/1"}],"replies":[{"embeddable":true,"href":"https:\/\/www.alquilerargentina.com\/blog\/wp-json\/wp\/v2\/comments?post=15558"}],"version-history":[{"count":15,"href":"https:\/\/www.alquilerargentina.com\/blog\/wp-json\/wp\/v2\/posts\/15558\/revisions"}],"predecessor-version":[{"id":15695,"href":"https:\/\/www.alquilerargentina.com\/blog\/wp-json\/wp\/v2\/posts\/15558\/revisions\/15695"}],"wp:featuredmedia":[{"embeddable":true,"href":"https:\/\/www.alquilerargentina.com\/blog\/wp-json\/wp\/v2\/media\/15572"}],"wp:attachment":[{"href":"https:\/\/www.alquilerargentina.com\/blog\/wp-json\/wp\/v2\/media?parent=15558"}],"wp:term":[{"taxonomy":"category","embeddable":true,"href":"https:\/\/www.alquilerargentina.com\/blog\/wp-json\/wp\/v2\/categories?post=15558"},{"taxonomy":"post_tag","embeddable":true,"href":"https:\/\/www.alquilerargentina.com\/blog\/wp-json\/wp\/v2\/tags?post=15558"}],"curies":[{"name":"wp","href":"https:\/\/api.w.org\/{rel}","templated":true}]}}