{"id":14887,"date":"2016-09-24T12:00:31","date_gmt":"2016-09-24T15:00:31","guid":{"rendered":"http:\/\/www.alquilerargentina.com\/blog\/?p=14887"},"modified":"2016-09-23T17:00:31","modified_gmt":"2016-09-23T20:00:31","slug":"llego-la-hora-de-la-primavera-ideal-para-entretenerse-en-carlos-paz","status":"publish","type":"post","link":"https:\/\/www.alquilerargentina.com\/blog\/paseos-y-excursiones\/llego-la-hora-de-la-primavera-ideal-para-entretenerse-en-carlos-paz.html","title":{"rendered":"Lleg\u00f3 la hora de la primavera: Ideal para entretenerse en Carlos Paz"},"content":{"rendered":"<p style=\"text-align: justify;\">Se sabe: <strong><a href=\"http:\/\/www.alquilerargentina.com\/Cordoba\/Villa-Carlos-Paz\/utm_source=alquilerargentina&amp;utm_medium=blog&amp;utm_campaign=destinos_carlospaz\" target=\"_blank\">Carlos Paz<\/a> <\/strong>siempre es cita obligada cuando de la <strong>primavera<\/strong> se trata. Este a\u00f1o no ser\u00e1 la excepci\u00f3n, por eso repasamos ac\u00e1 lo m\u00e1s importante para hacer en la Villa, luego de la bienvenida.<\/p>\n<h2 style=\"text-align: justify;\">Despu\u00e9s de la fiesta&#8230;<\/h2>\n<p style=\"text-align: justify;\">La\u00a0fiesta no termina. En realidad, el festejo fu\u00e9 el 21, pero en <strong>Carlos Paz<\/strong> la fiesta est\u00e1 siempre, en cualquier \u00e9poca del a\u00f1o. Pero en <strong>primavera<\/strong>,\u00a0se nota a\u00fan m\u00e1s. \u00bfC\u00f3mo? Con la variedad y cantidad de entretenimientos que ofrece a los turistas.<\/p>\n<p style=\"text-align: justify;\">Una de las mejores opciones, es ver todo desde el aire. Para eso hay que llegarse\u00a0hasta\u00a0el <strong>Complejo Aerosilla<\/strong>,\u00a0y dejarnos llevar por la tranquilidad y la postal hermosa\u00a0del <strong>valle de Punilla<\/strong>. Las temperaturas de \u00e9sta \u00e9poca del a\u00f1o y la ausencia de nubes es ideal para llevar a cabo esta visita.<\/p>\n<p style=\"text-align: justify;\"><a ref=\"magnificPopup\" href=\"http:\/\/www.alquilerargentina.com\/blog\/wp-content\/uploads\/2016\/09\/aerosilla.jpg\"><img loading=\"lazy\" decoding=\"async\" class=\"alignnone wp-image-14894 size-full\" src=\"http:\/\/www.alquilerargentina.com\/blog\/wp-content\/uploads\/2016\/09\/aerosilla.jpg\" alt=\"aerosilla\" width=\"785\" height=\"360\" srcset=\"https:\/\/blog3.alquilerargentina.com\/wp-content\/uploads\/2016\/09\/aerosilla.jpg 785w, https:\/\/blog3.alquilerargentina.com\/wp-content\/uploads\/2016\/09\/aerosilla-300x138.jpg 300w, https:\/\/blog3.alquilerargentina.com\/wp-content\/uploads\/2016\/09\/aerosilla-768x352.jpg 768w\" sizes=\"(max-width: 785px) 100vw, 785px\" \/><\/a><\/p>\n<div style=\"text-align: justify;\">\n<p style=\"text-align: justify;\">Se ubica a 900 m.s.n.m. en su parte final. Se llega hasta aqu\u00ed por donde culmina la av. Estrada. Ya desde ah\u00ed, el disfrute con un tobog\u00e1n gigante, un acuario y m\u00faltiples locales que venden artesan\u00edas, y una piscina solarium para relajarse en la parte inferior.<\/p>\n<p style=\"text-align: justify;\">\u00a0<a ref=\"magnificPopup\" href=\"http:\/\/www.alquilerargentina.com\/blog\/wp-content\/uploads\/2016\/09\/acuario-aerosilla.jpg\"><img loading=\"lazy\" decoding=\"async\" class=\"alignnone wp-image-14895 size-full\" src=\"http:\/\/www.alquilerargentina.com\/blog\/wp-content\/uploads\/2016\/09\/acuario-aerosilla.jpg\" alt=\"acuario-aerosilla\" width=\"785\" height=\"360\" srcset=\"https:\/\/blog3.alquilerargentina.com\/wp-content\/uploads\/2016\/09\/acuario-aerosilla.jpg 785w, https:\/\/blog3.alquilerargentina.com\/wp-content\/uploads\/2016\/09\/acuario-aerosilla-300x138.jpg 300w, https:\/\/blog3.alquilerargentina.com\/wp-content\/uploads\/2016\/09\/acuario-aerosilla-768x352.jpg 768w\" sizes=\"(max-width: 785px) 100vw, 785px\" \/><\/a><\/p>\n<p style=\"text-align: justify;\">Visita obligada para aquel que pise la Villa desde 1955 cuando se instal\u00f3 el sistema de ascensi\u00f3n. Ya arriba se puede visitar las terrazas, confiter\u00eda y el sendero aut\u00f3ctono, donde se aprende m\u00e1s de la flora y la fauna de esta parte del pa\u00eds.<br \/>\nAscenso $150 por persona &#8211; $100 jubilados.<br \/>\n(03541) 422254 &#8211;\u00a0Florencio S\u00e1nchez s\/n.<\/p>\n<p style=\"text-align: justify;\"><a href=\"http:\/\/www.alquilerargentina.com\/Cordoba\/Villa-Carlos-Paz\/utm_source=alquilerargentina&amp;utm_medium=blog&amp;utm_campaign=destinos_carlospaz\" target=\"_blank\">Ac\u00e1, las mejores ofertas en <strong>alquileres temporarios de Villa\u00a0Carlos Paz!<\/strong><\/a><\/p>\n<\/div>\n<h3 class=\"texto\" style=\"text-align: justify;\"><strong>Complejo Peko\u00b4s<\/strong><\/h3>\n<div style=\"text-align: justify;\">\n<p style=\"text-align: justify;\">Hay un lugar que es m\u00e1gico y que todos deber\u00edan visitar. El complejo did\u00e1ctico Peko&#8217;s, es una opci\u00f3n m\u00e1s que interesante para brindar educaci\u00f3n y diversi\u00f3n a los que se lleguen hasta all\u00ed. Diferentes actividades en contacto con la naturaleza, como \u201cLa jungla ecol\u00f3gica\u201d, donde se pueden observar guacamayos, flamencos, patos, entre otras aves, y el famoso tuc\u00e1n, s\u00edmbolo del lugar.<\/p>\n<\/div>\n<div class=\"bajada\" style=\"text-align: justify;\"><a ref=\"magnificPopup\" href=\"http:\/\/www.alquilerargentina.com\/blog\/wp-content\/uploads\/2016\/09\/tucan-pekos.jpg\"><img loading=\"lazy\" decoding=\"async\" class=\"alignnone wp-image-14898 size-full\" src=\"http:\/\/www.alquilerargentina.com\/blog\/wp-content\/uploads\/2016\/09\/tucan-pekos.jpg\" alt=\"tucan-pekos\" width=\"785\" height=\"360\" srcset=\"https:\/\/blog3.alquilerargentina.com\/wp-content\/uploads\/2016\/09\/tucan-pekos.jpg 785w, https:\/\/blog3.alquilerargentina.com\/wp-content\/uploads\/2016\/09\/tucan-pekos-300x138.jpg 300w, https:\/\/blog3.alquilerargentina.com\/wp-content\/uploads\/2016\/09\/tucan-pekos-768x352.jpg 768w\" sizes=\"(max-width: 785px) 100vw, 785px\" \/><\/a><\/div>\n<div class=\"texto\" style=\"text-align: justify;\">\n<p>Tambi\u00e9n el sal\u00f3n de los espejos, para re\u00edrse en grupos por las formas que toman nuestros cuerpos, y hasta un acuario para los que se quieran maravillar con eso y el serpentario, que no es apto para miedosos. Por si todo esto fuese poco, show de lobos marinos, y cine 5D con efectos especiales&#8230;<\/p>\n<p><img loading=\"lazy\" decoding=\"async\" class=\"size-full wp-image-14940 alignnone\" src=\"http:\/\/www.alquilerargentina.com\/blog\/wp-content\/uploads\/2016\/09\/pekos-1.jpg\" alt=\"pekos\" width=\"785\" height=\"360\" srcset=\"https:\/\/blog3.alquilerargentina.com\/wp-content\/uploads\/2016\/09\/pekos-1.jpg 785w, https:\/\/blog3.alquilerargentina.com\/wp-content\/uploads\/2016\/09\/pekos-1-300x138.jpg 300w, https:\/\/blog3.alquilerargentina.com\/wp-content\/uploads\/2016\/09\/pekos-1-768x352.jpg 768w\" sizes=\"(max-width: 785px) 100vw, 785px\" \/><\/p>\n<\/div>\n<p style=\"text-align: justify;\">Ingreso $400 por persona &#8211; $230 para jubilados &#8211; menores de 5 a\u00f1os pagan tarifa diferencial de $170. El parque abre a las 10 de la ma\u00f1ana y el pase dura 5 horas, aunque el parque est\u00e1 abierto hasta las 18.<\/p>\n<h2 style=\"text-align: justify;\">Ejercitar cuerpo y mente<\/h2>\n<p style=\"text-align: justify;\">Para aquellos amantes del <strong>trekking<\/strong>, <strong>Carlos Paz<\/strong> ofrece la posibilidad de hacerlo subiendo al <strong>Cerro de la Cruz<\/strong>. Este rinc\u00f3n de la Villa, que permite tener una vista panor\u00e1mica, desde los 1000\u00a0metros s.n.d.m. Botella de agua, pilas y arrancar nom\u00e1s, es lo que se necesita.<\/p>\n<p style=\"text-align: justify;\">El Cerro, es el m\u00e1s alto de la ciudad y para llegar hasta all\u00ed, 2.200 metros deben caminarse en ascenso. En su cumbre nos recibe\u00a0una cruz de quince metros de altura, inaugurada en 1934, que es ideal para\u00a0los que quieran conocer cosas nuevas.<\/p>\n<p style=\"text-align: justify;\"><a ref=\"magnificPopup\" href=\"http:\/\/www.alquilerargentina.com\/blog\/wp-content\/uploads\/2016\/09\/cerro-de-la-cruz.jpg\"><img loading=\"lazy\" decoding=\"async\" class=\"alignnone wp-image-15058 size-full\" src=\"http:\/\/www.alquilerargentina.com\/blog\/wp-content\/uploads\/2016\/09\/cerro-de-la-cruz.jpg\" alt=\"cerro-de-la-cruz\" width=\"785\" height=\"360\" srcset=\"https:\/\/blog3.alquilerargentina.com\/wp-content\/uploads\/2016\/09\/cerro-de-la-cruz.jpg 785w, https:\/\/blog3.alquilerargentina.com\/wp-content\/uploads\/2016\/09\/cerro-de-la-cruz-300x138.jpg 300w, https:\/\/blog3.alquilerargentina.com\/wp-content\/uploads\/2016\/09\/cerro-de-la-cruz-768x352.jpg 768w\" sizes=\"(max-width: 785px) 100vw, 785px\" \/><\/a><\/p>\n<p style=\"text-align: justify;\">Por otro lado, para los que amen visitar muestras, el <strong>Puente Uruguay<\/strong> es la conexi\u00f3n con el arte. Ubicado sobre\u00a0el <strong>r\u00edo San Antonio<\/strong>, dej\u00f3 de ser un paso automovil\u00edstico para ser otro atractivo de la ciudad. Si bien los autos siguen pasando, existe una\u00a0<strong>galer\u00eda multiprop\u00f3sito<\/strong>\u00a0 que se ubica por debajo y un paso peatonal, al que se accede por escaleras laterales. Dentro de este, hay una oficina de turismo para brindar mejor informaci\u00f3n a los visitantes. Como as\u00ed tambi\u00e9n galer\u00edas de fotos, pinturas y diferentes muestras. Diferentes\u00a0<strong>exposiciones rotativas y multidisciplinarias<\/strong>, que pueden ser vistas todos los d\u00edas del a\u00f1o. \u00a1Y encima gratis!<\/p>\n<p style=\"text-align: justify;\"><a ref=\"magnificPopup\" href=\"http:\/\/www.alquilerargentina.com\/blog\/wp-content\/uploads\/2016\/09\/puente-uruguay.jpg\"><img loading=\"lazy\" decoding=\"async\" class=\"alignnone wp-image-15059 size-full\" src=\"http:\/\/www.alquilerargentina.com\/blog\/wp-content\/uploads\/2016\/09\/puente-uruguay.jpg\" alt=\"puente-uruguay\" width=\"785\" height=\"360\" srcset=\"https:\/\/blog3.alquilerargentina.com\/wp-content\/uploads\/2016\/09\/puente-uruguay.jpg 785w, https:\/\/blog3.alquilerargentina.com\/wp-content\/uploads\/2016\/09\/puente-uruguay-300x138.jpg 300w, https:\/\/blog3.alquilerargentina.com\/wp-content\/uploads\/2016\/09\/puente-uruguay-768x352.jpg 768w\" sizes=\"(max-width: 785px) 100vw, 785px\" \/><\/a><\/p>\n<p style=\"text-align: justify;\"><a href=\"http:\/\/www.alquilerargentina.com\/?utm_source=alquilerargentina&amp;utm_mediu m=blog&amp;utm_campaign=home\">Esta <strong>Primavera 2016<\/strong> sal\u00ed a disfrutar.\u00a0Viaj\u00e1 por los lugares m\u00e1s bellos de <strong>Argentina<\/strong>!<\/a><\/p>\n","protected":false},"excerpt":{"rendered":"<p>Se sabe: Carlos Paz siempre es cita obligada cuando de la primavera se trata. Este a\u00f1o no ser\u00e1 la excepci\u00f3n, por eso repasamos ac\u00e1 lo m\u00e1s importante para hacer en la Villa, luego de la bienvenida. Despu\u00e9s de la fiesta&#8230; La\u00a0fiesta no termina. En realidad, el festejo fu\u00e9 el 21, pero en Carlos Paz la&#8230;<\/p>\n","protected":false},"author":1,"featured_media":14973,"comment_status":"open","ping_status":"open","sticky":false,"template":"","format":"standard","meta":{"footnotes":""},"categories":[3588],"tags":[],"_links":{"self":[{"href":"https:\/\/www.alquilerargentina.com\/blog\/wp-json\/wp\/v2\/posts\/14887"}],"collection":[{"href":"https:\/\/www.alquilerargentina.com\/blog\/wp-json\/wp\/v2\/posts"}],"about":[{"href":"https:\/\/www.alquilerargentina.com\/blog\/wp-json\/wp\/v2\/types\/post"}],"author":[{"embeddable":true,"href":"https:\/\/www.alquilerargentina.com\/blog\/wp-json\/wp\/v2\/users\/1"}],"replies":[{"embeddable":true,"href":"https:\/\/www.alquilerargentina.com\/blog\/wp-json\/wp\/v2\/comments?post=14887"}],"version-history":[{"count":37,"href":"https:\/\/www.alquilerargentina.com\/blog\/wp-json\/wp\/v2\/posts\/14887\/revisions"}],"predecessor-version":[{"id":14921,"href":"https:\/\/www.alquilerargentina.com\/blog\/wp-json\/wp\/v2\/posts\/14887\/revisions\/14921"}],"wp:featuredmedia":[{"embeddable":true,"href":"https:\/\/www.alquilerargentina.com\/blog\/wp-json\/wp\/v2\/media\/14973"}],"wp:attachment":[{"href":"https:\/\/www.alquilerargentina.com\/blog\/wp-json\/wp\/v2\/media?parent=14887"}],"wp:term":[{"taxonomy":"category","embeddable":true,"href":"https:\/\/www.alquilerargentina.com\/blog\/wp-json\/wp\/v2\/categories?post=14887"},{"taxonomy":"post_tag","embeddable":true,"href":"https:\/\/www.alquilerargentina.com\/blog\/wp-json\/wp\/v2\/tags?post=14887"}],"curies":[{"name":"wp","href":"https:\/\/api.w.org\/{rel}","templated":true}]}}