{"id":14870,"date":"2016-09-20T16:00:05","date_gmt":"2016-09-20T19:00:05","guid":{"rendered":"http:\/\/www.alquilerargentina.com\/blog\/?p=14870"},"modified":"2016-09-20T10:24:19","modified_gmt":"2016-09-20T13:24:19","slug":"la-aerosilla-una-postal-turistica-de-carlos-paz","status":"publish","type":"post","link":"https:\/\/www.alquilerargentina.com\/blog\/paseos-y-excursiones\/la-aerosilla-una-postal-turistica-de-carlos-paz.html","title":{"rendered":"La Aerosilla, una postal tur\u00edstica de Carlos Paz"},"content":{"rendered":"<p><em>El<strong> Complejo de Aerosilla<\/strong> es uno de los s\u00edmbolos de las sierras de <a href=\"http:\/\/www.alquilerargentina.com\/Cordoba\/Villa-Carlos-Paz\/?utm_source=alquilerargentina&amp;utm_medium=blog&amp;utm_campaign=VillaCarlosPaz\" target=\"_blank\"><strong>Villa Carlos Paz<\/strong><\/a> que desde hace m\u00e1s de 60 a\u00f1os, es visitado por generaciones y generaciones de argentinos que eligen este lugar para divertirse y pasar un lindo momento con la familia o amigos.<\/em><\/p>\n<p style=\"text-align: justify;\">En esta<strong> primavera 2016<\/strong>\u00a0hace una <strong>escapada<\/strong> a la villa serrana mas linda del pa\u00eds, y disfrut\u00e1 de los atractivos y paisajes que el <strong>Complejo de Aerosillas<\/strong> tiene para ofrecer.<\/p>\n<p style=\"text-align: justify;\"><strong>[youtube youtubeurl=\u00bblOchmH2FoKY\u00bb ][\/youtube]<\/strong><\/p>\n<h2 style=\"text-align: justify;\">Disfrut\u00e1 Carlos Paz desde las alturas<\/h2>\n<p style=\"text-align: justify;\">Ideal para visitar en cualquier momento del a\u00f1o, especialmente los meses de mas calor, este cl\u00e1sico de <strong>Carlos Paz<\/strong> se ha convertido en una de las cartas de presentaci\u00f3n de la ciudad, en el pa\u00eds y el mundo.<\/p>\n<p style=\"text-align: justify;\">Adem\u00e1s de la aerosilla, que asciende hasta la cima del cerro para brindar una de las mejores vistas de la ciudad y las sierras, el complejo se caracteriza por ofrecer muchas actividades recreativas. Cuenta con una hermosa piscina, un acuario y serpentario, sendero aut\u00f3ctono y. para quienes buscan nuevos desaf\u00edos y adrenalina, la incre\u00edble tirolesa, que cruza el cerro en una altura de m\u00e1s de 180 metros.<\/p>\n<p style=\"text-align: justify;\"><a ref=\"magnificPopup\" href=\"http:\/\/www.alquilerargentina.com\/blog\/wp-content\/uploads\/2016\/09\/Aerosilla-de-Carlos-Paz-tirolesa.jpg\"><img loading=\"lazy\" decoding=\"async\" class=\"alignnone wp-image-14879 size-full\" src=\"http:\/\/www.alquilerargentina.com\/blog\/wp-content\/uploads\/2016\/09\/Aerosilla-de-Carlos-Paz-tirolesa.jpg\" alt=\"Aerosilla-de-Carlos-Paz--tirolesa\" width=\"785\" height=\"360\" srcset=\"https:\/\/blog3.alquilerargentina.com\/wp-content\/uploads\/2016\/09\/Aerosilla-de-Carlos-Paz-tirolesa.jpg 785w, https:\/\/blog3.alquilerargentina.com\/wp-content\/uploads\/2016\/09\/Aerosilla-de-Carlos-Paz-tirolesa-300x138.jpg 300w, https:\/\/blog3.alquilerargentina.com\/wp-content\/uploads\/2016\/09\/Aerosilla-de-Carlos-Paz-tirolesa-768x352.jpg 768w\" sizes=\"(max-width: 785px) 100vw, 785px\" \/><\/a><\/p>\n<p style=\"text-align: justify;\">Uno de sus atractivos mas populares, y preferidos por todos es el<strong>\u00a0<\/strong>Aerotren.\u00a0Vas a poder encontrar tambi\u00e9n, una cascada artificial, una divertida alfombra m\u00e1gica, telescopios que completan la propuesta de ascenso al cerro y \u00a0competencias en cuatriciclos.<\/p>\n<p style=\"text-align: justify;\">Para que luego de hacer alguna de estas actividades puedas descansar un ratito, comer algo rico y renovar energ\u00edas, hay una <strong>confiter\u00eda y bar<\/strong> al paso, <strong>puestos de regionales<\/strong> y una<strong> helader\u00eda,<\/strong> todo dispuesto para el disfrute en familia y amigos.<\/p>\n<p style=\"text-align: justify;\"><a ref=\"magnificPopup\" href=\"http:\/\/www.alquilerargentina.com\/blog\/wp-content\/uploads\/2016\/09\/Aerosilla-de-Carlos-Paz-aerotren.jpg\"><img loading=\"lazy\" decoding=\"async\" class=\"alignnone wp-image-14877 size-full\" src=\"http:\/\/www.alquilerargentina.com\/blog\/wp-content\/uploads\/2016\/09\/Aerosilla-de-Carlos-Paz-aerotren.jpg\" alt=\"Aerosilla-de-Carlos-Paz---aerotren\" width=\"785\" height=\"360\" srcset=\"https:\/\/blog3.alquilerargentina.com\/wp-content\/uploads\/2016\/09\/Aerosilla-de-Carlos-Paz-aerotren.jpg 785w, https:\/\/blog3.alquilerargentina.com\/wp-content\/uploads\/2016\/09\/Aerosilla-de-Carlos-Paz-aerotren-300x138.jpg 300w, https:\/\/blog3.alquilerargentina.com\/wp-content\/uploads\/2016\/09\/Aerosilla-de-Carlos-Paz-aerotren-768x352.jpg 768w\" sizes=\"(max-width: 785px) 100vw, 785px\" \/><\/a><\/p>\n<h2>Los inicios del Complejo de Aerosillas<\/h2>\n<p style=\"text-align: justify;\">El Complejo tuvo sus or\u00edgenes a principio de la d\u00e9cada del 50\u2019, cuando un grupo de inmigrantes, principalmente austr\u00edacos, tuvo la idea de realizar este paseo tur\u00edstico, desde donde se observa el paisaje de toda la villa serrana y alrededores. La construcci\u00f3n demand\u00f3 aproximadamente un a\u00f1o. y el 25 de diciembre de 1955 se abri\u00f3 al p\u00fablico la primera aerosilla privada del pa\u00eds y de Sudam\u00e9rica.<\/p>\n<p style=\"text-align: justify;\"><a ref=\"magnificPopup\" href=\"http:\/\/www.alquilerargentina.com\/blog\/wp-content\/uploads\/2016\/09\/Aerosilla-de-Carlos-Paz-complejo-de-aerosilla.jpg\"><img loading=\"lazy\" decoding=\"async\" class=\"alignnone wp-image-14878 size-full\" src=\"http:\/\/www.alquilerargentina.com\/blog\/wp-content\/uploads\/2016\/09\/Aerosilla-de-Carlos-Paz-complejo-de-aerosilla.jpg\" alt=\"Aerosilla-de-Carlos-Paz---complejo-de-aerosilla\" width=\"785\" height=\"360\" srcset=\"https:\/\/blog3.alquilerargentina.com\/wp-content\/uploads\/2016\/09\/Aerosilla-de-Carlos-Paz-complejo-de-aerosilla.jpg 785w, https:\/\/blog3.alquilerargentina.com\/wp-content\/uploads\/2016\/09\/Aerosilla-de-Carlos-Paz-complejo-de-aerosilla-300x138.jpg 300w, https:\/\/blog3.alquilerargentina.com\/wp-content\/uploads\/2016\/09\/Aerosilla-de-Carlos-Paz-complejo-de-aerosilla-768x352.jpg 768w\" sizes=\"(max-width: 785px) 100vw, 785px\" \/><\/a><\/p>\n<p style=\"text-align: justify;\">En ese momento, el lugar contaba con 40 sillas monoplazas unidas a un cable portante-tractor de 22 mil\u00edmetros de di\u00e1metro, con siete torres intermedias y accionada por un motor a explosi\u00f3n. M\u00e1s adelante, se construy\u00f3 la <strong>Confiter\u00eda Superior<\/strong> complementando lo que, inicialmente, fue solamente la llegada de la aerosilla.<\/p>\n<h2 style=\"text-align: justify;\">Datos \u00fatiles<\/h2>\n<ul style=\"text-align: justify;\">\n<li>El Complejo se puede visitar de Lunes a Domingo de<strong> 10:30 a 18:30 hs.<\/strong><\/li>\n<li>Direcci\u00f3n: Florencio S\u00e1nchez s\/n, <strong>Villa Carlos Paz, C\u00f3rdoba, Argentina<\/strong><\/li>\n<\/ul>\n<p style=\"text-align: justify;\"><a href=\"http:\/\/www.alquilerargentina.com\/C%C3%B3rdoba\/Villa-Carlos-Paz\/?utm_source=alquilerargentina&amp;utm_medium=blog&amp;utm_campaign=VillaCarlosPaz\" target=\"_blank\">Reserv\u00e1 el alojamiento que m\u00e1s te guste en <strong><span style=\"color: #ff6600;\">Villa Carlos Paz!<\/span><\/strong><\/a><\/p>\n","protected":false},"excerpt":{"rendered":"<p>El Complejo de Aerosilla es uno de los s\u00edmbolos de las sierras de Villa Carlos Paz que desde hace m\u00e1s de 60 a\u00f1os, es visitado por generaciones y generaciones de argentinos que eligen este lugar para divertirse y pasar un lindo momento con la familia o amigos. En esta primavera 2016\u00a0hace una escapada a la&#8230;<\/p>\n","protected":false},"author":1,"featured_media":14875,"comment_status":"open","ping_status":"open","sticky":false,"template":"","format":"standard","meta":{"footnotes":""},"categories":[3588],"tags":[],"_links":{"self":[{"href":"https:\/\/www.alquilerargentina.com\/blog\/wp-json\/wp\/v2\/posts\/14870"}],"collection":[{"href":"https:\/\/www.alquilerargentina.com\/blog\/wp-json\/wp\/v2\/posts"}],"about":[{"href":"https:\/\/www.alquilerargentina.com\/blog\/wp-json\/wp\/v2\/types\/post"}],"author":[{"embeddable":true,"href":"https:\/\/www.alquilerargentina.com\/blog\/wp-json\/wp\/v2\/users\/1"}],"replies":[{"embeddable":true,"href":"https:\/\/www.alquilerargentina.com\/blog\/wp-json\/wp\/v2\/comments?post=14870"}],"version-history":[{"count":14,"href":"https:\/\/www.alquilerargentina.com\/blog\/wp-json\/wp\/v2\/posts\/14870\/revisions"}],"predecessor-version":[{"id":14920,"href":"https:\/\/www.alquilerargentina.com\/blog\/wp-json\/wp\/v2\/posts\/14870\/revisions\/14920"}],"wp:featuredmedia":[{"embeddable":true,"href":"https:\/\/www.alquilerargentina.com\/blog\/wp-json\/wp\/v2\/media\/14875"}],"wp:attachment":[{"href":"https:\/\/www.alquilerargentina.com\/blog\/wp-json\/wp\/v2\/media?parent=14870"}],"wp:term":[{"taxonomy":"category","embeddable":true,"href":"https:\/\/www.alquilerargentina.com\/blog\/wp-json\/wp\/v2\/categories?post=14870"},{"taxonomy":"post_tag","embeddable":true,"href":"https:\/\/www.alquilerargentina.com\/blog\/wp-json\/wp\/v2\/tags?post=14870"}],"curies":[{"name":"wp","href":"https:\/\/api.w.org\/{rel}","templated":true}]}}