{"id":13105,"date":"2016-06-02T10:00:19","date_gmt":"2016-06-02T13:00:19","guid":{"rendered":"http:\/\/www.alquilerargentina.com\/blog\/?p=13105"},"modified":"2016-06-23T09:31:52","modified_gmt":"2016-06-23T12:31:52","slug":"temporada-de-nieve-en-chapelco-2016","status":"publish","type":"post","link":"https:\/\/www.alquilerargentina.com\/blog\/paseos-y-excursiones\/temporada-de-nieve-en-chapelco-2016.html","title":{"rendered":"Cambio de fecha de apertura del Cerro Chapelco"},"content":{"rendered":"<p style=\"text-align: justify;\"><em><strong>Chapelco Ski Resort<\/strong> inform\u00f3 que si bien a\u00fan no hay pron\u00f3sticos de nevadas intensas, se ha decidido postergar la <strong>apertura de la temporada 2016.<\/strong> La nueva fecha estimada de apertura ser\u00e1 el s\u00e1bado 2 de julio.<\/em><\/p>\n<p style=\"text-align: justify;\">Durante los pr\u00f3ximos d\u00edas se esperan algunas precipitaciones en alta monta\u00f1a as\u00ed como la llegada de un frente fr\u00edo con condiciones meteorol\u00f3gicas m\u00e1s favorables para la fabricaci\u00f3n de nieve inducida a trav\u00e9s de los ca\u00f1ones. <strong>Cerro Chapelco<\/strong> se encuentra trabajando para poder dar comienzo cuanto antes a una <strong>nueva temporada de invierno.<\/strong><\/p>\n<blockquote>\n<h4 style=\"text-align: justify;\"><span style=\"color: #000000;\"><strong>Mientras esperamos por la pronta apertura de uno de los centros de esqu\u00ed m\u00e1s importantes de la Patagonia Argentina y del mundo, enterate de las novedades, tarifas y todas las propuestas que\u00a0Chapelco\u00a0tiene para esta temporada de nieve y vacaciones de invierno 2016.<\/strong><\/span><\/h4>\n<\/blockquote>\n<p style=\"text-align: justify;\">Ubicado en la provincia de<strong> Neuqu\u00e9n<\/strong>, a pocos kil\u00f3metros de <strong><span style=\"color: #ff6600;\"><a style=\"color: #ff6600;\" href=\"http:\/\/www.alquilerargentina.com\/Neuqu\u00e9n\/San-Mart\u00edn-De-Los-Andes\/?utm_source=alquilerargentina&amp;utm_medium=blog&amp;utm_campaign=destinos_sanmartindelosandes\" target=\"_blank\">San Mart\u00edn de los Andes<\/a><\/span>\u00a0<\/strong>y a 1980 metros de altura, <strong><span style=\"color: #ff6600;\"><a style=\"color: #ff6600;\" href=\"http:\/\/www.alquilerargentina.com\/Neuqu\u00e9n\/Cerro-Chapelco\/?utm_source=alquilerargentina&amp;utm_medium=blog&amp;utm_campaign=destinos_cerrochapelco\" target=\"_blank\">Chapelco<\/a><\/span>\u00a0<\/strong>cuenta con 22 pistas de diversas dificultades, una excelente calidad de nieve e imponentes vistas del <strong>Lago L\u00e1car<\/strong> y del <strong>Volc\u00e1n Lan\u00edn<\/strong>.<\/p>\n<p style=\"text-align: justify;\">Durante esta <strong>nueva temporada invernal<\/strong>\u00a0<a href=\"http:\/\/www.alquilerargentina.com\/Neuqu\u00e9n\/Cerro-Chapelco\/?utm_source=alquilerargentina&amp;utm_medium=blog&amp;utm_campaign=destinos_cerrochapelco\" target=\"_blank\"><strong>Chapelco<\/strong><\/a> se prepara para <strong>celebrar 10 a\u00f1os<\/strong> de una exitosa gesti\u00f3n en la nieve.<\/p>\n<p style=\"text-align: justify;\"><a ref=\"magnificPopup\" href=\"http:\/\/www.alquilerargentina.com\/blog\/wp-content\/uploads\/2016\/05\/portada-chapelco-1.jpg\"><img loading=\"lazy\" decoding=\"async\" class=\"alignnone wp-image-13107 size-full\" src=\"http:\/\/www.alquilerargentina.com\/blog\/wp-content\/uploads\/2016\/05\/portada-chapelco-1.jpg\" alt=\"portada-chapelco-1\" width=\"785\" height=\"360\" srcset=\"https:\/\/blog3.alquilerargentina.com\/wp-content\/uploads\/2016\/05\/portada-chapelco-1.jpg 785w, https:\/\/blog3.alquilerargentina.com\/wp-content\/uploads\/2016\/05\/portada-chapelco-1-300x138.jpg 300w, https:\/\/blog3.alquilerargentina.com\/wp-content\/uploads\/2016\/05\/portada-chapelco-1-768x352.jpg 768w\" sizes=\"(max-width: 785px) 100vw, 785px\" \/><\/a><\/p>\n<blockquote>\n<h4 style=\"text-align: justify;\"><span style=\"color: #000000;\"><strong><a href=\"http:\/\/www.alquilerargentina.com\/Neuqu\u00e9n\/San-Mart\u00edn-De-Los-Andes\/?utm_source=alquilerargentina&amp;utm_medium=blog&amp;utm_campaign=destinos_sanmartindelosandes\">Alquileres temporarios en San Mart\u00edn de los Andes<\/a>\u00a0 [button type=\u00bbbd_button btn_small\u00bb url=\u00bbhttp:\/\/www.alquilerargentina.com\/Neuqu\u00e9n\/San-Mart\u00edn-De-Los-Andes\/?utm_source=alquilerargentina&amp;utm_medium=blog&amp;utm_campaign=destinos_sanmartindelosandes\u00bb target=\u00bbon\u00bb button_color_fon=\u00bb#ff8000&#8243; button_text_color=\u00bb#ffffff\u00bb ]click aqu\u00ed[\/button]<\/strong><\/span><\/h4>\n<\/blockquote>\n<p style=\"text-align: justify;\">El <strong>s\u00e1bado 2 de julio\u00a0<\/strong>comenzar\u00e1 oficialmente la<strong> temporada 2016 <\/strong>en<strong> <a href=\"http:\/\/www.alquilerargentina.com\/Neuqu\u00e9n\/Cerro-Chapelco\/?utm_source=alquilerargentina&amp;utm_medium=blog&amp;utm_campaign=destinos_cerrochapelco\" target=\"_blank\">Chapelco<\/a><\/strong> (sujeto a condiciones de nieve) con grandes novedades en las pistas y en medios de elevaci\u00f3n como\u00a0<em>T-Bar del Palito<\/em>\u00a0que brindar\u00e1 ascensos a mayor altura para deslizarse por la zona de la pista el <strong>Filito<\/strong>, y el <em>Lift del Puente II<\/em>, que conectar\u00e1 la zona de <strong>Pradera del Puma<\/strong> con las pistas el <strong>Camino<\/strong> y la <strong>Panamericana<\/strong>, haciendo m\u00e1s f\u00e1cil y c\u00f3modo el regreso hacia otras zonas del centro de esqu\u00ed.<\/p>\n<p style=\"text-align: justify;\"><a ref=\"magnificPopup\" href=\"http:\/\/www.alquilerargentina.com\/blog\/wp-content\/uploads\/2016\/05\/aerosillas.jpg\"><img loading=\"lazy\" decoding=\"async\" class=\"alignnone wp-image-13109 size-full\" src=\"http:\/\/www.alquilerargentina.com\/blog\/wp-content\/uploads\/2016\/05\/aerosillas.jpg\" alt=\"aerosillas\" width=\"785\" height=\"360\" srcset=\"https:\/\/blog3.alquilerargentina.com\/wp-content\/uploads\/2016\/05\/aerosillas.jpg 785w, https:\/\/blog3.alquilerargentina.com\/wp-content\/uploads\/2016\/05\/aerosillas-300x138.jpg 300w, https:\/\/blog3.alquilerargentina.com\/wp-content\/uploads\/2016\/05\/aerosillas-768x352.jpg 768w\" sizes=\"(max-width: 785px) 100vw, 785px\" \/><\/a><\/p>\n<p style=\"text-align: justify;\"><a href=\"http:\/\/www.alquilerargentina.com\/Neuqu\u00e9n\/Cerro-Chapelco\/?utm_source=alquilerargentina&amp;utm_medium=blog&amp;utm_campaign=destinos_cerrochapelco\" target=\"_blank\"><strong>Chapelco<\/strong><\/a> cuenta con 140 hect\u00e1reas esquiables, con pendientes que var\u00edan entre los 20 y los 45 grados, y un desnivel de 730 metros. Hay patrullas que recorren las pistas y poseen puestos fijos en varios puntos del cerro.\u00a0Adem\u00e1s ofrece la posibilidad de practicar distintas <strong>modalidades de esqu\u00ed<\/strong>, como el alpino, el de fondo y el de traves\u00eda, y las cuatro <strong>categor\u00edas de snowboard<\/strong>, que son <em>half pipe, slalom paralelo, big air <\/em>y<em> fun park.<\/em> Tambi\u00e9n se pueden realizar <strong>paseos en motos de nieve<\/strong> y en <strong>trineos impulsados por perros<\/strong> y caminar por el bosque virgen con <strong>raquetas de nieve<\/strong>.<\/p>\n<p style=\"text-align: justify;\"><a ref=\"magnificPopup\" href=\"http:\/\/www.alquilerargentina.com\/blog\/wp-content\/uploads\/2016\/05\/chapelco-portada-3.jpg\"><img loading=\"lazy\" decoding=\"async\" class=\"alignnone wp-image-13108 size-full\" src=\"http:\/\/www.alquilerargentina.com\/blog\/wp-content\/uploads\/2016\/05\/chapelco-portada-3.jpg\" alt=\"chapelco-portada-3\" width=\"785\" height=\"360\" srcset=\"https:\/\/blog3.alquilerargentina.com\/wp-content\/uploads\/2016\/05\/chapelco-portada-3.jpg 785w, https:\/\/blog3.alquilerargentina.com\/wp-content\/uploads\/2016\/05\/chapelco-portada-3-300x138.jpg 300w, https:\/\/blog3.alquilerargentina.com\/wp-content\/uploads\/2016\/05\/chapelco-portada-3-768x352.jpg 768w\" sizes=\"(max-width: 785px) 100vw, 785px\" \/><\/a><\/p>\n<h2 style=\"text-align: justify;\">Tarifas 2016<\/h2>\n<p><a ref=\"magnificPopup\" href=\"http:\/\/www.alquilerargentina.com\/blog\/wp-content\/uploads\/2016\/05\/temporadas-precios.jpg\"><img loading=\"lazy\" decoding=\"async\" class=\"alignnone wp-image-13110 size-full\" src=\"http:\/\/www.alquilerargentina.com\/blog\/wp-content\/uploads\/2016\/05\/temporadas-precios.jpg\" alt=\"temporadas-precios\" width=\"785\" height=\"360\" srcset=\"https:\/\/blog3.alquilerargentina.com\/wp-content\/uploads\/2016\/05\/temporadas-precios.jpg 785w, https:\/\/blog3.alquilerargentina.com\/wp-content\/uploads\/2016\/05\/temporadas-precios-300x138.jpg 300w, https:\/\/blog3.alquilerargentina.com\/wp-content\/uploads\/2016\/05\/temporadas-precios-768x352.jpg 768w\" sizes=\"(max-width: 785px) 100vw, 785px\" \/><\/a><\/p>\n<blockquote>\n<p style=\"text-align: justify;\"><span style=\"color: #000000;\"><strong><a href=\"http:\/\/www.chapelco.com\/\">Para ver m\u00e1s tarifas sobre los planes especiales y el alquiler de equipos<\/a> \u00a0 [button type=\u00bbbd_button btn_small\u00bb url=\u00bbhttp:\/\/www.chapelco.com\/\u00bb target=\u00bbon\u00bb button_color_fon=\u00bb#2f97ff\u00bb button_text_color=\u00bb#ffffff\u00bb ]click aqu\u00ed[\/button] <\/strong><\/span><\/p>\n<\/blockquote>\n<h2><a href=\"http:\/\/www.alquilerargentina.com\/Neuqu\u00e9n\/Cerro-Chapelco\/?utm_source=alquilerargentina&amp;utm_medium=blog&amp;utm_campaign=destinos_cerrochapelco\">Novedades en Chapelco<\/a><\/h2>\n<h3 style=\"text-align: justify;\"><strong>Disfut\u00e1 de lo m\u00e1s extremos en <a href=\"http:\/\/www.alquilerargentina.com\/Neuqu\u00e9n\/Cerro-Chapelco\/?utm_source=alquilerargentina&amp;utm_medium=blog&amp;utm_campaign=destinos_cerrochapelco\">Chapelco<\/a>: Back Bowls\u00a0\u00a0\u00a0\u00a0\u00a0\u00a0<\/strong><\/h3>\n<p style=\"text-align: justify;\">Todos van a conocer este invierno los puntos m\u00e1s extremos de\u00a0<strong><a href=\"http:\/\/www.alquilerargentina.com\/Neuqu\u00e9n\/Cerro-Chapelco\/?utm_source=alquilerargentina&amp;utm_medium=blog&amp;utm_campaign=destinos_cerrochapelco\" target=\"_blank\">Chapelco<\/a>\u00a0<\/strong>a trav\u00e9s del <em>Programa Back Bowls<\/em> para esquiadores avanzados: grupos de expertos en esqu\u00ed o snowboard realizan salidas junto a equipos de la Patrulla y de la Escuela de Esqu\u00ed a explorar nieve virgen en <em>\u201cla parte de atr\u00e1s\u201d<\/em> del <strong>Cord\u00f3n Chapelco<\/strong>, en una de las experiencias m\u00e1s incre\u00edbles sobre la nieve.<\/p>\n<h3 style=\"text-align: justify;\"><strong>Volar con el viento:\u00a0 Snowkite<\/strong><\/h3>\n<p style=\"text-align: justify;\">El\u00a0nuevo <strong>Kite Park de<\/strong> <a href=\"http:\/\/www.alquilerargentina.com\/Neuqu\u00e9n\/Cerro-Chapelco\/?utm_source=alquilerargentina&amp;utm_medium=blog&amp;utm_campaign=destinos_cerrochapelco\" target=\"_blank\"><strong>Chapelco<\/strong><\/a> ubicado en <strong>Pradera del Puma<\/strong> te espera para que aprendas y practiques\u00a0<em>snowkite<\/em>, un deporte para los esquiadores extremos que buscan nuevas emociones. A trav\u00e9s de una vela o kite sujetada con arn\u00e9s, se vive la experiencia de flotar por la monta\u00f1a hacia abajo o ser arrastrado cuesta arriba, para deslizarse en la nieve tanto con esqu\u00edes como con tabla de snowboard. Instructores especializados ense\u00f1an la t\u00e9cnica y proveen las velas.<\/p>\n<p style=\"text-align: justify;\">[youtube youtubeurl=\u00bbVF0ZmsSMTGo\u00bb ][\/youtube]\n<h3 style=\"text-align: justify;\"><strong>Los After Ski de <a href=\"http:\/\/www.alquilerargentina.com\/Neuqu\u00e9n\/Cerro-Chapelco\/?utm_source=alquilerargentina&amp;utm_medium=blog&amp;utm_campaign=destinos_cerrochapelco\">Chapelco<\/a><\/strong><\/h3>\n<p style=\"text-align: justify;\"><em>After Ski<\/em> no es s\u00f3lo un trago con amigos despu\u00e9s de la nieve. Es compartir la ca\u00edda del sol sobre el horizonte con buena m\u00fasica y acciones que aportan los partners de <a href=\"http:\/\/www.alquilerargentina.com\/Neuqu\u00e9n\/Cerro-Chapelco\/?utm_source=alquilerargentina&amp;utm_medium=blog&amp;utm_campaign=destinos_cerrochapelco\" target=\"_blank\"><strong>Chapelco<\/strong><\/a> para disfrutar de ese momento \u00fanico.\u00a0Los lugares claves son <strong>Torino Winter Point<\/strong> y <strong>Los Techos<\/strong>, el sector\u00a0m\u00e1s exclusivo en la monta\u00f1a. All\u00ed este invierno habr\u00e1 presentaciones de m\u00fasica en vivo, eventos de moda y mucho m\u00e1s.<\/p>\n<h2 style=\"text-align: justify;\">\u00bfC\u00f3mo llegar?<\/h2>\n<p style=\"text-align: justify;\">Desde\u00a0<a href=\"http:\/\/www.alquilerargentina.com\/Neuqu\u00e9n\/San-Mart\u00edn-De-Los-Andes\/?utm_source=alquilerargentina&amp;utm_medium=blog&amp;utm_campaign=destinos_sanmartindelosandes\" target=\"_blank\"><strong>San Mart\u00edn de los Andes<\/strong><\/a>\u00a0se debe tomar la Ruta Nacional 234, bordeando el <strong>Lago L\u00e1car<\/strong>, y luego el empalme con la Ruta Nacional 19, desde donde se recorren 5 kil\u00f3metros m\u00e1s para llegar a la base del cerro.<\/p>\n<p style=\"text-align: justify;\">Celebrar el \u00e9xito en la nieve es el tema inspirador de\u00a0<a href=\"http:\/\/www.alquilerargentina.com\/Neuqu\u00e9n\/Cerro-Chapelco\/?utm_source=alquilerargentina&amp;utm_medium=blog&amp;utm_campaign=destinos_cerrochapelco\" target=\"_blank\"><strong>Chapelco<\/strong><\/a> para este\u00a02016, y lo har\u00e1 con grandes anuncios, eventos y festejos que ocurrir\u00e1n a lo largo de toda la<strong> temporada de invierno<\/strong>\u00a0y que sumar\u00e1n emoci\u00f3n al invierno que ya est\u00e1 muy cerca.<\/p>\n<blockquote>\n<h4 style=\"text-align: justify;\"><span style=\"color: #000000;\"><strong><a href=\"http:\/\/www.alquilerargentina.com\/Neuqu\u00e9n\/San-Mart\u00edn-De-Los-Andes\/?utm_source=alquilerargentina&amp;utm_medium=blog&amp;utm_campaign=destinos_sanmartindelosandes\">Conoc\u00e9 todas las ofertas en San Mart\u00edn de los Andes<\/a> \u00a0 \u00a0[button type=\u00bbbd_button btn_small\u00bb url=\u00bbhttp:\/\/www.alquilerargentina.com\/Neuqu\u00e9n\/San-Mart\u00edn-De-Los-Andes\/?utm_source=alquilerargentina&amp;utm_medium=blog&amp;utm_campaign=destinos_sanmartindelosandes\u00bb target=\u00bbon\u00bb button_color_fon=\u00bb#ff8000&#8243; button_text_color=\u00bb#ffffff\u00bb ]ver m\u00e1s[\/button]<\/strong><\/span><\/h4>\n<\/blockquote>\n<p><em>(Video principal de <a href=\"http:\/\/www.chapelco.com\/ski-cerro-chapelco.php\">Chapelco Ski Resort<\/a>)<\/em><\/p>\n","protected":false},"excerpt":{"rendered":"<p>Chapelco Ski Resort inform\u00f3 que si bien a\u00fan no hay pron\u00f3sticos de nevadas intensas, se ha decidido postergar la apertura de la temporada 2016. La nueva fecha estimada de apertura ser\u00e1 el s\u00e1bado 2 de julio. Durante los pr\u00f3ximos d\u00edas se esperan algunas precipitaciones en alta monta\u00f1a as\u00ed como la llegada de un frente fr\u00edo&#8230;<\/p>\n","protected":false},"author":1,"featured_media":13106,"comment_status":"open","ping_status":"open","sticky":false,"template":"","format":"video","meta":{"footnotes":""},"categories":[3588],"tags":[],"_links":{"self":[{"href":"https:\/\/www.alquilerargentina.com\/blog\/wp-json\/wp\/v2\/posts\/13105"}],"collection":[{"href":"https:\/\/www.alquilerargentina.com\/blog\/wp-json\/wp\/v2\/posts"}],"about":[{"href":"https:\/\/www.alquilerargentina.com\/blog\/wp-json\/wp\/v2\/types\/post"}],"author":[{"embeddable":true,"href":"https:\/\/www.alquilerargentina.com\/blog\/wp-json\/wp\/v2\/users\/1"}],"replies":[{"embeddable":true,"href":"https:\/\/www.alquilerargentina.com\/blog\/wp-json\/wp\/v2\/comments?post=13105"}],"version-history":[{"count":9,"href":"https:\/\/www.alquilerargentina.com\/blog\/wp-json\/wp\/v2\/posts\/13105\/revisions"}],"predecessor-version":[{"id":13507,"href":"https:\/\/www.alquilerargentina.com\/blog\/wp-json\/wp\/v2\/posts\/13105\/revisions\/13507"}],"wp:featuredmedia":[{"embeddable":true,"href":"https:\/\/www.alquilerargentina.com\/blog\/wp-json\/wp\/v2\/media\/13106"}],"wp:attachment":[{"href":"https:\/\/www.alquilerargentina.com\/blog\/wp-json\/wp\/v2\/media?parent=13105"}],"wp:term":[{"taxonomy":"category","embeddable":true,"href":"https:\/\/www.alquilerargentina.com\/blog\/wp-json\/wp\/v2\/categories?post=13105"},{"taxonomy":"post_tag","embeddable":true,"href":"https:\/\/www.alquilerargentina.com\/blog\/wp-json\/wp\/v2\/tags?post=13105"}],"curies":[{"name":"wp","href":"https:\/\/api.w.org\/{rel}","templated":true}]}}