{"id":13044,"date":"2016-05-31T15:00:49","date_gmt":"2016-05-31T18:00:49","guid":{"rendered":"http:\/\/www.alquilerargentina.com\/blog\/?p=13044"},"modified":"2016-05-30T17:21:03","modified_gmt":"2016-05-30T20:21:03","slug":"visita-al-cerro-colorado-de-atahualpa","status":"publish","type":"post","link":"https:\/\/www.alquilerargentina.com\/blog\/paseos-y-excursiones\/visita-al-cerro-colorado-de-atahualpa.html","title":{"rendered":"Cerro Colorado: tras los pasos de Atahualpa"},"content":{"rendered":"<p style=\"text-align: justify;\"><em>Al norte de <a href=\"http:\/\/www.alquilerargentina.com\/C\u00f3rdoba\/?utm_source=alquilerargentina&amp;utm_medium=blog&amp;utm_campaign=destinos_cordoba\"><strong>C\u00f3rdoba<\/strong><\/a>,\u00a0yendo hasta <strong>Santa Elena<\/strong> y luego empalmando la ruta Nacional N\u00ba 1 hacia el Oeste, llegamos a <strong>Cerro Colorado<\/strong>. Te llevamos a una de las maravillas cordobesas, del pa\u00eds y del mundo, all\u00ed desde donde <strong>Atahualpa Yupanqui<\/strong> cantaba.<\/em><\/p>\n<p style=\"text-align: justify;\">El nombre de este magnifico lugar, que se encuentra a una hora y media de <strong><a href=\"http:\/\/www.alquilerargentina.com\/C\u00f3rdoba\/Jesus-Maria\/?utm_source=alquilerargentina&amp;utm_medium=blog&amp;utm_campaign=destinos_jesusmaria\" target=\"_blank\">Jes\u00fas Mar\u00eda<\/a><\/strong> se debe al ligero color rojizo de las areniscas que forman estos cerros. Un poco de historia y m\u00fasica sobre el <span style=\"color: #ff6600;\"><strong>Cerro Colorado<\/strong>.<\/span><\/p>\n<blockquote>\n<h4 style=\"text-align: justify;\"><span style=\"color: #000000;\"><strong><a href=\"http:\/\/www.alquilerargentina.com\/C\u00f3rdoba\/?utm_source=alquilerargentina&amp;utm_medium=blog&amp;utm_campaign=destinos_cordoba\">Arm\u00e1 una escapada de fin de semana a C\u00f3rdoba<\/a>\u00a0 \u00a0 [button type=\u00bbbd_button btn_small\u00bb url=\u00bbhttp:\/\/www.alquilerargentina.com\/C\u00f3rdoba\/?utm_source=alquilerargentina&amp;utm_medium=blog&amp;utm_campaign=destinos_cordoba\u00bb target=\u00bbon\u00bb button_color_fon=\u00bb#ff8000&#8243; button_text_color=\u00bb#ffffff\u00bb ]+info[\/button] <\/strong><\/span><\/h4>\n<\/blockquote>\n<h2 style=\"text-align: justify;\">Las tierras coloradas<\/h2>\n<p style=\"text-align: justify;\"><strong>Cerro Colorado<\/strong> es un \u00e1rea de conservaci\u00f3n cultural de 3.000 hect\u00e1reas. Cuenta con sus sierras no tan altas (800 metros sobre el nivel del mar), y formadas por los bloques de areniscas rojas que fueron atravesados por el viento y el agua logran que se encuentren aleros, abrigos y huecos. Sus principales cerros <strong>el Colorado, el Veladero <\/strong>y<strong> el Inti Huasi<\/strong> junto con el verde de la vegetaci\u00f3n y el agua del <strong>r\u00edo de los Tartagos<\/strong> hacen de este lugar uno de los m\u00e1s hermosos que existen en cuanto a paisaje.<\/p>\n<p><a ref=\"magnificPopup\" href=\"http:\/\/www.alquilerargentina.com\/blog\/wp-content\/uploads\/2016\/05\/cerro.jpg\"><img loading=\"lazy\" decoding=\"async\" class=\"alignnone wp-image-13053 size-full\" src=\"http:\/\/www.alquilerargentina.com\/blog\/wp-content\/uploads\/2016\/05\/cerro.jpg\" alt=\"cerro\" width=\"785\" height=\"360\" srcset=\"https:\/\/blog3.alquilerargentina.com\/wp-content\/uploads\/2016\/05\/cerro.jpg 785w, https:\/\/blog3.alquilerargentina.com\/wp-content\/uploads\/2016\/05\/cerro-300x138.jpg 300w, https:\/\/blog3.alquilerargentina.com\/wp-content\/uploads\/2016\/05\/cerro-768x352.jpg 768w\" sizes=\"(max-width: 785px) 100vw, 785px\" \/><\/a><\/p>\n<p style=\"text-align: justify;\">Tras importantes estudios realizados fue declarado <strong>Monumento Hist\u00f3rico Nacional<\/strong> en 1961, produci\u00e9ndose su definitiva incorporaci\u00f3n al sistema de<strong> \u00c1reas Naturales\u00a0Protegidas<\/strong> de la provincia de<strong>\u00a0<a href=\"http:\/\/www.alquilerargentina.com\/C\u00f3rdoba\/?utm_source=alquilerargentina&amp;utm_medium=blog&amp;utm_campaign=destinos_cordoba\">C\u00f3rdoba<\/a><\/strong> en el a\u00f1o 1992. Considerado una de las m\u00e1s bellas demostraciones art\u00edsticas del per\u00edodo precolombino, <strong>Cerro Colorado<\/strong> es el conjunto de repositorios m\u00e1s importante del \u00e1rea arqueol\u00f3gica de las sierras centrales y de nuestro pa\u00eds.<\/p>\n<p><a ref=\"magnificPopup\" href=\"http:\/\/www.alquilerargentina.com\/blog\/wp-content\/uploads\/2016\/05\/pinturas.jpg\"><img loading=\"lazy\" decoding=\"async\" class=\"alignnone wp-image-13052 size-full\" src=\"http:\/\/www.alquilerargentina.com\/blog\/wp-content\/uploads\/2016\/05\/pinturas.jpg\" alt=\"pinturas\" width=\"785\" height=\"360\" srcset=\"https:\/\/blog3.alquilerargentina.com\/wp-content\/uploads\/2016\/05\/pinturas.jpg 785w, https:\/\/blog3.alquilerargentina.com\/wp-content\/uploads\/2016\/05\/pinturas-300x138.jpg 300w, https:\/\/blog3.alquilerargentina.com\/wp-content\/uploads\/2016\/05\/pinturas-768x352.jpg 768w\" sizes=\"(max-width: 785px) 100vw, 785px\" \/><\/a><\/p>\n<p style=\"text-align: justify;\">Estas pinturas pictogr\u00e1ficas se mantienen todav\u00eda en 120\u00a0cuevas que sirvieron de refugio a comechingones y sanavirones que sintetizan m\u00e1s de 1.500 a\u00f1os de historia. Cuentan la cultura de ese entonces con dibujos de animales, de guerreros, de seres humanos, de acciones como la caza o las cosechas, representando a su vez actividades de la vida cotidiana y de la conquista espa\u00f1ola, para que sean la memoria viva de esos pueblos abor\u00edgenes que han sido callados por siglos.<\/p>\n<h2 style=\"text-align: justify;\">Su museo<\/h2>\n<p style=\"text-align: justify;\">Salvo los d\u00edas 11 de febrero, que esta cerrado por la festividad de la Virgen de Guadalupe, el museo se encuentra abierto para que la gente que se llegue a <strong>Cerro Colorado<\/strong>, pueda visitar al <strong>Museo Arqueol\u00f3gico<\/strong> del lugar. Guarda en su interior piezas precolombinas y utensilios utilizados por los habitantes de los pueblos originarios en el pasado, siendo un paseo en el que se recorre toda la historia de <strong>Cerro Colorado<\/strong> mediante el aprendizaje de la historia <strong>Argentina<\/strong>.<\/p>\n<p style=\"text-align: justify;\">Alguien que es una instituci\u00f3n en s\u00ed mismo, es quien es sin\u00f3nimo de <strong>Cerro Colorado<\/strong>, y es uno de sus habitantes mas famosos. Hablamos, obviamente de <strong>Atahualpa Yupanqui<\/strong>, que si bien naci\u00f3 en Pergamino, vivi\u00f3 sus \u00faltimos a\u00f1os y muri\u00f3 en la localidad.<\/p>\n<p style=\"text-align: justify;\"><a ref=\"magnificPopup\" href=\"http:\/\/www.alquilerargentina.com\/blog\/wp-content\/uploads\/2016\/05\/tumbaatahualpa.jpg\"><img loading=\"lazy\" decoding=\"async\" class=\"alignnone wp-image-13055 size-full\" src=\"http:\/\/www.alquilerargentina.com\/blog\/wp-content\/uploads\/2016\/05\/tumbaatahualpa.jpg\" alt=\"tumbaatahualpa\" width=\"785\" height=\"360\" srcset=\"https:\/\/blog3.alquilerargentina.com\/wp-content\/uploads\/2016\/05\/tumbaatahualpa.jpg 785w, https:\/\/blog3.alquilerargentina.com\/wp-content\/uploads\/2016\/05\/tumbaatahualpa-300x138.jpg 300w, https:\/\/blog3.alquilerargentina.com\/wp-content\/uploads\/2016\/05\/tumbaatahualpa-768x352.jpg 768w\" sizes=\"(max-width: 785px) 100vw, 785px\" \/><\/a><\/p>\n<p style=\"text-align: justify;\">Siendo uno de los compositores y poetas m\u00e1s grandes que pudo nacer en nuestro pa\u00eds, algunos de sus temas y poemas fueron producto de la inspiraci\u00f3n que le daba el lugar. Con la belleza y la contemplaci\u00f3n propia del lugar, dej\u00f3 perplejo a Don Ata y el nos dej\u00f3 verdaderas obras musicales. Hoy su casa se convirti\u00f3 en un museo que es visitado por miles. All\u00ed se guardan sus obras, memorias, pertenencias del artista, como libros, premios, etc.<\/p>\n<p><a ref=\"magnificPopup\" href=\"http:\/\/www.alquilerargentina.com\/blog\/wp-content\/uploads\/2016\/05\/casaatahualpa.jpg\"><img loading=\"lazy\" decoding=\"async\" class=\"alignnone wp-image-13058 size-full\" src=\"http:\/\/www.alquilerargentina.com\/blog\/wp-content\/uploads\/2016\/05\/casaatahualpa.jpg\" alt=\"casaatahualpa\" width=\"785\" height=\"360\" srcset=\"https:\/\/blog3.alquilerargentina.com\/wp-content\/uploads\/2016\/05\/casaatahualpa.jpg 785w, https:\/\/blog3.alquilerargentina.com\/wp-content\/uploads\/2016\/05\/casaatahualpa-300x138.jpg 300w, https:\/\/blog3.alquilerargentina.com\/wp-content\/uploads\/2016\/05\/casaatahualpa-768x352.jpg 768w\" sizes=\"(max-width: 785px) 100vw, 785px\" \/><\/a><\/p>\n<p>Visitar <strong>Cerro Colorado<\/strong> es poder vislumbrar uno de los lugares m\u00e1s hermosos y tranquilos que existen. As\u00ed lo dio a entender el mismo Atahualpa.<\/p>\n<blockquote>\n<h4><span style=\"color: #000000;\"><strong><a href=\"http:\/\/www.alquilerargentina.com\/C\u00f3rdoba\/?utm_source=alquilerargentina&amp;utm_medium=blog&amp;utm_campaign=destinos_cordoba\">Alquileres temporarios en C\u00f3rdoba para tu pr\u00f3ximo viaje<\/a>\u00a0 \u00a0 [button type=\u00bbbd_button btn_small\u00bb url=\u00bbhttp:\/\/www.alquilerargentina.com\/C\u00f3rdoba\/?utm_source=alquilerargentina&amp;utm_medium=blog&amp;utm_campaign=destinos_cordoba\u00bb target=\u00bbon\u00bb button_color_fon=\u00bb#ff8000&#8243; button_text_color=\u00bb#ffffff\u00bb ]click aqu\u00ed[\/button] <\/strong><\/span><\/h4>\n<\/blockquote>\n","protected":false},"excerpt":{"rendered":"<p>Al norte de C\u00f3rdoba,\u00a0yendo hasta Santa Elena y luego empalmando la ruta Nacional N\u00ba 1 hacia el Oeste, llegamos a Cerro Colorado. Te llevamos a una de las maravillas cordobesas, del pa\u00eds y del mundo, all\u00ed desde donde Atahualpa Yupanqui cantaba. El nombre de este magnifico lugar, que se encuentra a una hora y media&#8230;<\/p>\n","protected":false},"author":1,"featured_media":13050,"comment_status":"open","ping_status":"open","sticky":false,"template":"","format":"standard","meta":{"footnotes":""},"categories":[3588],"tags":[],"_links":{"self":[{"href":"https:\/\/www.alquilerargentina.com\/blog\/wp-json\/wp\/v2\/posts\/13044"}],"collection":[{"href":"https:\/\/www.alquilerargentina.com\/blog\/wp-json\/wp\/v2\/posts"}],"about":[{"href":"https:\/\/www.alquilerargentina.com\/blog\/wp-json\/wp\/v2\/types\/post"}],"author":[{"embeddable":true,"href":"https:\/\/www.alquilerargentina.com\/blog\/wp-json\/wp\/v2\/users\/1"}],"replies":[{"embeddable":true,"href":"https:\/\/www.alquilerargentina.com\/blog\/wp-json\/wp\/v2\/comments?post=13044"}],"version-history":[{"count":10,"href":"https:\/\/www.alquilerargentina.com\/blog\/wp-json\/wp\/v2\/posts\/13044\/revisions"}],"predecessor-version":[{"id":13102,"href":"https:\/\/www.alquilerargentina.com\/blog\/wp-json\/wp\/v2\/posts\/13044\/revisions\/13102"}],"wp:featuredmedia":[{"embeddable":true,"href":"https:\/\/www.alquilerargentina.com\/blog\/wp-json\/wp\/v2\/media\/13050"}],"wp:attachment":[{"href":"https:\/\/www.alquilerargentina.com\/blog\/wp-json\/wp\/v2\/media?parent=13044"}],"wp:term":[{"taxonomy":"category","embeddable":true,"href":"https:\/\/www.alquilerargentina.com\/blog\/wp-json\/wp\/v2\/categories?post=13044"},{"taxonomy":"post_tag","embeddable":true,"href":"https:\/\/www.alquilerargentina.com\/blog\/wp-json\/wp\/v2\/tags?post=13044"}],"curies":[{"name":"wp","href":"https:\/\/api.w.org\/{rel}","templated":true}]}}