{"id":13011,"date":"2016-07-02T10:00:00","date_gmt":"2016-07-02T13:00:00","guid":{"rendered":"http:\/\/www.alquilerargentina.com\/blog\/?p=13011"},"modified":"2016-06-30T12:25:23","modified_gmt":"2016-06-30T15:25:23","slug":"donde-se-puede-tomar-un-buen-cafe-en-cordoba","status":"publish","type":"post","link":"https:\/\/www.alquilerargentina.com\/blog\/paseos-y-excursiones\/donde-se-puede-tomar-un-buen-cafe-en-cordoba.html","title":{"rendered":"\u00bfD\u00f3nde se puede tomar un buen caf\u00e9 en C\u00f3rdoba?"},"content":{"rendered":"<p style=\"text-align: justify;\"><em>Para enfrentar el fr\u00edo no hay mejor que un buen caf\u00e9. Por eso, les dejamos algunos de los<strong> mejores bares de C\u00f3rdoba\u00a0<\/strong>para beber esta infusi\u00f3n exquisita.<\/em><\/p>\n<p style=\"text-align: justify;\">Si est\u00e1s pensando en <strong>viajar para el feriado de julio<\/strong>\u00a0o solamente hacer una <strong>escapada de fin de semana<\/strong>, la <a href=\"http:\/\/www.alquilerargentina.com\/C%C3%B3rdoba\/Ciudad-De-C%C3%B3rdoba\/?utm_source=alquilerargentina&amp;utm_medium=blog&amp;utm_campaign=destinos_ciudaddecordoba\"><strong>Ciudad de C\u00f3rdoba <\/strong><\/a>aparece en el horizonte. Y es uno de los mejores destinos&#8230; \u00bfPor qu\u00e9? Porque para estos fr\u00edos, <strong>La Docta<\/strong>, ofrece excelentes lugares para tomar el <strong>mejor caf\u00e9<\/strong> y hasta para hacer cursos de <strong>barister\u00eda<\/strong>.<\/p>\n<p style=\"text-align: justify;\"><a href=\"http:\/\/www.alquilerargentina.com\/C%C3%B3rdoba\/Ciudad-De-C%C3%B3rdoba\/?utm_source=alquilerargentina&amp;utm_medium=blog&amp;utm_campaign=destinos_ciudaddecordoba\">Viaj\u00e1 y alojate en <strong>deptos y aparts en la <span style=\"color: #ff6600;\">Ciudad de C\u00f3rdoba<\/span><\/strong> aqu\u00ed.<\/a><\/p>\n<h2 style=\"text-align: justify;\">Bruncher\u00eda<\/h2>\n<p style=\"text-align: justify;\">Vamos a comenzar con un lugar que es de los m\u00e1s nuevos y lindos de la ciudad. <strong>Bruncher\u00eda (Caf\u00e9<\/strong>,<strong> Almac\u00e9n y Aperitivos)<\/strong>\u00a0se ubica en la entrada de la <strong>Galer\u00eda Barrio<\/strong>, en <strong>G\u00fcemes, <\/strong>m\u00e1s precisamente en<strong> Achaval Rodr\u00edguez 244<\/strong>. Este lugar c\u00e1lido y super acogedor, es una nueva apuesta en lo que a lo gastron\u00f3mico se refiere. Con una carta extensa donde todo es casero y donde hasta los jugos los preparan en el momento, el caf\u00e9\u00a0resalta por ser uno de los m\u00e1s elegidos y convocar a decenas en cada ma\u00f1ana o tarde. El aroma a caf\u00e9 reci\u00e9n salido, genera el mejor de los ambientes y el saber que el lugar cuenta\u00a0con su\u00a0<em>propio blend<\/em>, que da un sabor m\u00e1s fuerte,\u00a0da garant\u00eda del mejor disfrute.<\/p>\n<p style=\"text-align: justify;\"><a ref=\"magnificPopup\" href=\"http:\/\/www.alquilerargentina.com\/blog\/wp-content\/uploads\/2016\/06\/bruncheria-cordoba.jpg\"><img loading=\"lazy\" decoding=\"async\" class=\"alignnone wp-image-13673 size-full\" src=\"http:\/\/www.alquilerargentina.com\/blog\/wp-content\/uploads\/2016\/06\/bruncheria-cordoba.jpg\" alt=\"bruncheria-cordoba\" width=\"785\" height=\"360\" srcset=\"https:\/\/blog3.alquilerargentina.com\/wp-content\/uploads\/2016\/06\/bruncheria-cordoba.jpg 785w, https:\/\/blog3.alquilerargentina.com\/wp-content\/uploads\/2016\/06\/bruncheria-cordoba-300x138.jpg 300w, https:\/\/blog3.alquilerargentina.com\/wp-content\/uploads\/2016\/06\/bruncheria-cordoba-768x352.jpg 768w\" sizes=\"(max-width: 785px) 100vw, 785px\" \/><\/a><\/p>\n<h2 style=\"text-align: justify;\">Ochre<\/h2>\n<p style=\"text-align: justify;\">En <strong>Luis de Tejeda 4555, Cerro de las Rosas<\/strong>, se ubica <strong>Ochre<\/strong>. Este lugar, que ya de por fuera da una excelente imagen, por dentro no solamente que confirma ello con sus sabores, sino que hasta la mejora.<\/p>\n<p style=\"text-align: justify;\">Se ubica en Zona Norte, dentro del complejo del Hostel Ona. Para reservas hay que escribir con anticipaci\u00f3n,\u00a0pero para difrutar del caf\u00e9, es solamente llegarse y ser parte de un lugar que entra no s\u00f3lo por los ojos, sino por los sabores.\u00a0No por casualidad, su nombre es acompa\u00f1ado por la siguiente descripci\u00f3n: <em>\u00abcaff\u00e9 nel ristorante\u00bb<\/em>.<strong>\u00a0<\/strong><\/p>\n<p style=\"text-align: justify;\"><a ref=\"magnificPopup\" href=\"http:\/\/www.alquilerargentina.com\/blog\/wp-content\/uploads\/2016\/06\/ochre-cordoba.jpg\"><img loading=\"lazy\" decoding=\"async\" class=\"alignnone wp-image-13675 size-full\" src=\"http:\/\/www.alquilerargentina.com\/blog\/wp-content\/uploads\/2016\/06\/ochre-cordoba.jpg\" alt=\"ochre-cordoba\" width=\"785\" height=\"360\" srcset=\"https:\/\/blog3.alquilerargentina.com\/wp-content\/uploads\/2016\/06\/ochre-cordoba.jpg 785w, https:\/\/blog3.alquilerargentina.com\/wp-content\/uploads\/2016\/06\/ochre-cordoba-300x138.jpg 300w, https:\/\/blog3.alquilerargentina.com\/wp-content\/uploads\/2016\/06\/ochre-cordoba-768x352.jpg 768w\" sizes=\"(max-width: 785px) 100vw, 785px\" \/><\/a><\/p>\n<h2 style=\"text-align: justify;\">Caf\u00e9 del Alba<\/h2>\n<p style=\"text-align: justify;\">El <strong>Caf\u00e9 del Alba<\/strong> es c\u00e9ntrico y no. \u00bfQu\u00e9 quiere decir esto? Que est\u00e1 en el centro de la ciudad, pero alejado del tumulto diario. Se ubica en <strong>9 de Julio 482<\/strong>, con un horario de atenci\u00f3n de 08 a 20 y los s\u00e1bados de 09 a 13hs.<\/p>\n<p style=\"text-align: justify;\">La particularidad de este lugar es que adem\u00e1s de caf\u00e9 es librer\u00eda. Por lo que no solamente pueden estar acompa\u00f1ados de un excelente caf\u00e9, sino tambi\u00e9n de un buen libro. Los que frecuentan el lugar hablan de lo pintoresco que es por dentro, pero sobre todo de la atenci\u00f3n que se brinda y del servicio que se presta.<\/p>\n<p style=\"text-align: justify;\"><a ref=\"magnificPopup\" href=\"http:\/\/www.alquilerargentina.com\/blog\/wp-content\/uploads\/2016\/06\/cafe-del-alba.jpg\"><img loading=\"lazy\" decoding=\"async\" class=\"alignnone wp-image-13676 size-full\" src=\"http:\/\/www.alquilerargentina.com\/blog\/wp-content\/uploads\/2016\/06\/cafe-del-alba.jpg\" alt=\"cafe-del-alba-cordoba\" width=\"785\" height=\"360\" srcset=\"https:\/\/blog3.alquilerargentina.com\/wp-content\/uploads\/2016\/06\/cafe-del-alba.jpg 785w, https:\/\/blog3.alquilerargentina.com\/wp-content\/uploads\/2016\/06\/cafe-del-alba-300x138.jpg 300w, https:\/\/blog3.alquilerargentina.com\/wp-content\/uploads\/2016\/06\/cafe-del-alba-768x352.jpg 768w\" sizes=\"(max-width: 785px) 100vw, 785px\" \/><\/a><\/p>\n<h2 style=\"text-align: justify;\">El Papagayo<\/h2>\n<p style=\"text-align: justify;\">El \u00faltimo lugar no es s\u00f3lo un caf\u00e9. Es el <strong>mejor restaurante del a\u00f1o 2015<\/strong>, elegido por especialistas y que adem\u00e1s de un men\u00fa gourmet que se destaca, cuenta con <strong>curso de barista<\/strong>.<\/p>\n<p style=\"text-align: justify;\">El <em>\u00abgur\u00fa\u00bb<\/em>, como llaman a Marcos Cirigliano, es el encargado de compartir lo que sabe y\u00a0aprender\u00e1s a detectar cu\u00e1les son los mejores cafes.<\/p>\n<p style=\"text-align: justify;\"><a ref=\"magnificPopup\" href=\"http:\/\/www.alquilerargentina.com\/blog\/wp-content\/uploads\/2016\/06\/el-papagayo.jpg\"><img loading=\"lazy\" decoding=\"async\" class=\"alignnone wp-image-13679 size-full\" src=\"http:\/\/www.alquilerargentina.com\/blog\/wp-content\/uploads\/2016\/06\/el-papagayo.jpg\" alt=\"el-papagayo-cordoba\" width=\"785\" height=\"360\" srcset=\"https:\/\/blog3.alquilerargentina.com\/wp-content\/uploads\/2016\/06\/el-papagayo.jpg 785w, https:\/\/blog3.alquilerargentina.com\/wp-content\/uploads\/2016\/06\/el-papagayo-300x138.jpg 300w, https:\/\/blog3.alquilerargentina.com\/wp-content\/uploads\/2016\/06\/el-papagayo-768x352.jpg 768w\" sizes=\"(max-width: 785px) 100vw, 785px\" \/><\/a><\/p>\n<p style=\"text-align: justify;\">Este lugar es uno de los pocos donde se lleva a cabo el <em>\u201cLatte Art\u201d<\/em>: la disciplina que consiste en la creaci\u00f3n de figuras o dibujos en la superficie del caf\u00e9, mezclando la\u00a0espuma con la de la leche vaporizada. As\u00ed, el autor le da un toque muy especial y su sello de ser de alta calidad.<\/p>\n<p style=\"text-align: justify;\">Este lugar, adem\u00e1s es bastante particular por su construcci\u00f3n. Pero para eso, les dejamos un video.<\/p>\n<p>https:\/\/vimeo.com\/110389115<\/p>\n<p style=\"text-align: justify;\"><a href=\"http:\/\/www.alquilerargentina.com\/C%C3%B3rdoba\/Ciudad-De-C%C3%B3rdoba\/?utm_source=alquilerargentina&amp;utm_medium=blog&amp;utm_campaign=destinos_ciudaddecordoba\">Este <strong>invierno 2016<\/strong> no pases fr\u00edo y tom\u00e1 un cafe\u00a0cerca de\u00a0los mejores <strong>alquileres temporarios en C\u00f3rdoba<\/strong>.<\/a><\/p>\n","protected":false},"excerpt":{"rendered":"<p>Para enfrentar el fr\u00edo no hay mejor que un buen caf\u00e9. Por eso, les dejamos algunos de los mejores bares de C\u00f3rdoba\u00a0para beber esta infusi\u00f3n exquisita. Si est\u00e1s pensando en viajar para el feriado de julio\u00a0o solamente hacer una escapada de fin de semana, la Ciudad de C\u00f3rdoba aparece en el horizonte. Y es uno&#8230;<\/p>\n","protected":false},"author":1,"featured_media":13672,"comment_status":"open","ping_status":"open","sticky":false,"template":"","format":"standard","meta":{"footnotes":""},"categories":[3588],"tags":[],"_links":{"self":[{"href":"https:\/\/www.alquilerargentina.com\/blog\/wp-json\/wp\/v2\/posts\/13011"}],"collection":[{"href":"https:\/\/www.alquilerargentina.com\/blog\/wp-json\/wp\/v2\/posts"}],"about":[{"href":"https:\/\/www.alquilerargentina.com\/blog\/wp-json\/wp\/v2\/types\/post"}],"author":[{"embeddable":true,"href":"https:\/\/www.alquilerargentina.com\/blog\/wp-json\/wp\/v2\/users\/1"}],"replies":[{"embeddable":true,"href":"https:\/\/www.alquilerargentina.com\/blog\/wp-json\/wp\/v2\/comments?post=13011"}],"version-history":[{"count":10,"href":"https:\/\/www.alquilerargentina.com\/blog\/wp-json\/wp\/v2\/posts\/13011\/revisions"}],"predecessor-version":[{"id":13686,"href":"https:\/\/www.alquilerargentina.com\/blog\/wp-json\/wp\/v2\/posts\/13011\/revisions\/13686"}],"wp:featuredmedia":[{"embeddable":true,"href":"https:\/\/www.alquilerargentina.com\/blog\/wp-json\/wp\/v2\/media\/13672"}],"wp:attachment":[{"href":"https:\/\/www.alquilerargentina.com\/blog\/wp-json\/wp\/v2\/media?parent=13011"}],"wp:term":[{"taxonomy":"category","embeddable":true,"href":"https:\/\/www.alquilerargentina.com\/blog\/wp-json\/wp\/v2\/categories?post=13011"},{"taxonomy":"post_tag","embeddable":true,"href":"https:\/\/www.alquilerargentina.com\/blog\/wp-json\/wp\/v2\/tags?post=13011"}],"curies":[{"name":"wp","href":"https:\/\/api.w.org\/{rel}","templated":true}]}}