{"id":11662,"date":"2016-03-28T14:00:13","date_gmt":"2016-03-28T17:00:13","guid":{"rendered":"http:\/\/www.alquilerargentina.com\/blog\/?p=11662"},"modified":"2016-05-26T17:01:49","modified_gmt":"2016-05-26T20:01:49","slug":"el-cablecarril-historia-en-chilecito","status":"publish","type":"post","link":"https:\/\/www.alquilerargentina.com\/blog\/paseos-y-excursiones\/el-cablecarril-historia-en-chilecito.html","title":{"rendered":"El Cablecarril, historia en Chilecito"},"content":{"rendered":"<p style=\"text-align: justify;\"><em>El <strong>Cablecarril de <span style=\"color: #ff6600;\"><a style=\"color: #ff6600;\" href=\"http:\/\/www.alquilerargentina.com\/La-Rioja\/Chilecito\/?utm_source=alquilerargentina&amp;utm_medium=blog&amp;utm_campaign=destinos_chilecito\" target=\"_blank\">Chilecito<\/a><\/span><\/strong> es una obra de vanguardia tecnol\u00f3gica para la \u00e9poca, su construcci\u00f3n estuvo a cargo de una empresa alemana y se mantuvo en funcionamiento entre los a\u00f1os 1904 y 1929 con el objetivo de explotar la mina <strong>La Mejicana<\/strong>, reemplazando el acarreo a lomo de mula y posibilitando la extracci\u00f3n de oro,\u00a0plata,\u00a0hierro,\u00a0cobre\u00a0y\u00a0plomo.<\/em><\/p>\n<p style=\"text-align: justify;\">El <strong>Cablecarril<\/strong> es el testimonio del apogeo de la miner\u00eda de la sierra del<strong> Famatina <\/strong>en<strong> <a href=\"http:\/\/www.alquilerargentina.com\/La-Rioja\/?utm_source=alquilerargentina&amp;utm_medium=blog&amp;utm_campaign=destinos_larioja\" target=\"_blank\">La Rioja<\/a>,<\/strong>\u00a0es considerado el m\u00e1s largo de Am\u00e9rica y el segundo en el mundo.<\/p>\n<blockquote>\n<h4 style=\"text-align: justify;\"><span style=\"color: #000000;\"><strong><a href=\"http:\/\/www.alquilerargentina.com\/La-Rioja\/?utm_source=alquilerargentina&amp;utm_medium=blog&amp;utm_campaign=destinos_larioja\" target=\"_blank\">Encontr\u00e1 ofertas de alquileres temporarios en La Rioja<\/a>\u00a0 [button type=\u00bbbd_button btn_small\u00bb url=\u00bbhttp:\/\/www.alquilerargentina.com\/La-Rioja\/?utm_source=alquilerargentina&amp;utm_medium=blog&amp;utm_campaign=destinos_larioja\u00bb target=\u00bbon\u00bb button_color_fon=\u00bb#ff8000&#8243; button_text_color=\u00bb#ffffff\u00bb ]click aqu\u00ed[\/button] <\/strong><\/span><\/h4>\n<\/blockquote>\n<h2 style=\"text-align: justify;\">Un poco de historia\u2026<\/h2>\n<p style=\"text-align: justify;\">Hacia finales del\u00a0siglo XIX\u00a0<strong>Famatina<\/strong> se convirti\u00f3 en uno de los distritos m\u00e1s importantes con producci\u00f3n de oro,\u00a0plata,\u00a0hierro,\u00a0cobre\u00a0y\u00a0plomo,\u00a0despertando as\u00ed un gran deseo de explotaci\u00f3n plasmado en la construcci\u00f3n de una obra de gran envergadura para la \u00e9poca, no s\u00f3lo por lo que significaba, sino tambi\u00e9n por el despliegue log\u00edstico que hubo que desarrollar para su construcci\u00f3n.\u00a0Este proyecto consist\u00eda en la construcci\u00f3n de una de las mayores obras de\u00a0ingenier\u00eda del mundo: el\u00a0<strong>Cablecarril<\/strong>. Terminado en\u00a01905\u00a0con una longitud de 35 km (comunica con <a href=\"http:\/\/www.alquilerargentina.com\/La-Rioja\/Chilecito\/?utm_source=alquilerargentina&amp;utm_medium=blog&amp;utm_campaign=destinos_chilecito\"><strong>Chilecito<\/strong><\/a>), es en la actualidad, uno de los monumentos y lugares hist\u00f3ricos de la Argentina.<\/p>\n<blockquote><p><span style=\"color: #000000;\"><strong>El Cablecarril\u00a0construido por capitales\u00a0ingleses\u00a0trasportaba\u00a012.000\u00a0toneladas\u00a0mensuales de mineral desde la mina a\u00a0Chilecito, luego era llevado en tren a los puertos con destino a Europa.<\/strong><\/span><\/p><\/blockquote>\n<p>El auge de la mina se fue extinguiendo cuando comenz\u00f3 la\u00a0guerra de 1914\u00a0y los ingleses se retiraron. Otras empresas privadas continuaron con la explotaci\u00f3n hasta\u00a01926, a\u00f1o en que cesaron para siempre, dejando la obra abandonada, con elementos de trabajo tirados que est\u00e1n a\u00fan en la actualidad a la vista de cualquiera que visite el <strong>Cablecarril<\/strong>.<\/p>\n<p style=\"text-align: justify;\"><a ref=\"magnificPopup\" href=\"http:\/\/www.alquilerargentina.com\/blog\/wp-content\/uploads\/2016\/03\/torre-cablecarril.jpg\"><img loading=\"lazy\" decoding=\"async\" class=\"alignnone size-full wp-image-11684\" src=\"http:\/\/www.alquilerargentina.com\/blog\/wp-content\/uploads\/2016\/03\/torre-cablecarril.jpg\" alt=\"torre cablecarril\" width=\"785\" height=\"360\" srcset=\"https:\/\/blog3.alquilerargentina.com\/wp-content\/uploads\/2016\/03\/torre-cablecarril.jpg 785w, https:\/\/blog3.alquilerargentina.com\/wp-content\/uploads\/2016\/03\/torre-cablecarril-300x138.jpg 300w\" sizes=\"(max-width: 785px) 100vw, 785px\" \/><\/a><\/p>\n<p style=\"text-align: justify;\">\n<blockquote>\n<h4 style=\"text-align: justify;\"><strong><span style=\"color: #000000;\"><a href=\"http:\/\/www.alquilerargentina.com\/blog\/destinos\/conoce-y-disfruta-de-chilecito-la-rioja.html\" target=\"_blank\">\u00bfQuer\u00e9s conocer m\u00e1s sobre Chilecito? Lee el suguiente art\u00edculo<\/a>\u00a0 [button type=\u00bbbd_button btn_small\u00bb url=\u00bbhttp:\/\/www.alquilerargentina.com\/blog\/destinos\/conoce-y-disfruta-de-chilecito-la-rioja.html\u00bb target=\u00bbon\u00bb button_color_fon=\u00bb#53a9ff\u00bb button_text_color=\u00bb#ffffff\u00bb ]click aqu\u00ed[\/button] <\/span><\/strong><\/h4>\n<\/blockquote>\n<h2 style=\"text-align: justify;\">El Famatina en la actualidad<\/h2>\n<p style=\"text-align: justify;\">Hoy en d\u00eda es un <strong>Monumento Nacional<\/strong>, y en su Estaci\u00f3n N\u00ba 1 alberga el Museo Cable-Carril donde se exhibe una muestra detallada de elementos que componen las distintas partes de la gigantesca obra, como as\u00ed tambi\u00e9n libros, cuadernos y anotaciones que testimonian la presencia de los obreros que trabajaron all\u00ed, algunos de los cuales dejaron su vida en las profundidades de la monta\u00f1a.<\/p>\n<p style=\"text-align: justify;\">Actualmente el\u00a0yacimiento\u00a0se encuentra abandonado. El magn\u00edfico escenario natural por el que atraviesa la construcci\u00f3n es aprovechado actualmente para la realizaci\u00f3n de<strong> turismo de aventura, trekking, safaris fotogr\u00e1ficos, turismo minero y geol\u00f3gico<\/strong>, adem\u00e1s de la admiraci\u00f3n reflexiva y analista de tan imponente obra. As\u00ed, el aspecto cultural y el tur\u00edstico se unen para darle vida al lugar y dar a conocer al pa\u00eds y al mundo el patrimonio que enorgullece a los riojanos.<\/p>\n<p style=\"text-align: justify;\">Muchos ge\u00f3logos afirman que el <strong>Cerro Famatina<\/strong> contiene importantes yacimientos, es as\u00ed que empresas transnacionales est\u00e1n interesadas en explotar nuevos yacimientos, provocando en las localidades aleda\u00f1as cierto rechazo por tales emprendimientos contaminantes.<\/p>\n<p style=\"text-align: justify;\">El presente del <strong>Famatina<\/strong> no es otra cosa que una lucha constante\u00a0por los vecinos y entidades ambientalistas contra el emplazamiento y puesta en marcha de la explotaci\u00f3n minera con m\u00e9todos modernos no tan convenientes para los tiempos que vivimos.<\/p>\n<p><a ref=\"magnificPopup\" href=\"http:\/\/www.alquilerargentina.com\/blog\/wp-content\/uploads\/2016\/03\/portada-famatina-2675.jpg\"><img loading=\"lazy\" decoding=\"async\" class=\"alignnone size-full wp-image-11687\" src=\"http:\/\/www.alquilerargentina.com\/blog\/wp-content\/uploads\/2016\/03\/portada-famatina-2675.jpg\" alt=\"portada-famatina-2675\" width=\"785\" height=\"360\" srcset=\"https:\/\/blog3.alquilerargentina.com\/wp-content\/uploads\/2016\/03\/portada-famatina-2675.jpg 785w, https:\/\/blog3.alquilerargentina.com\/wp-content\/uploads\/2016\/03\/portada-famatina-2675-300x138.jpg 300w\" sizes=\"(max-width: 785px) 100vw, 785px\" \/><\/a><\/p>\n<blockquote>\n<h4 style=\"text-align: justify;\"><span style=\"color: #000000;\"><strong><a href=\"http:\/\/www.alquilerargentina.com\/La-Rioja\/Chilecito\/?utm_source=alquilerargentina&amp;utm_medium=blog&amp;utm_campaign=destinos_chilecito\" target=\"_blank\">Organiz\u00e1 una escapada de fin de semana y visit\u00e1 Chilecito<\/a>\u00a0 [button type=\u00bbbd_button btn_small\u00bb url=\u00bbhttp:\/\/www.alquilerargentina.com\/La-Rioja\/Chilecito\/?utm_source=alquilerargentina&amp;utm_medium=blog&amp;utm_campaign=destinos_chilecito\u00bb target=\u00bbon\u00bb button_color_fon=\u00bb#ff8000&#8243; button_text_color=\u00bb#ffffff\u00bb ]reservar ahora[\/button] <\/strong><\/span><\/h4>\n<\/blockquote>\n","protected":false},"excerpt":{"rendered":"<p>El Cablecarril de Chilecito es una obra de vanguardia tecnol\u00f3gica para la \u00e9poca, su construcci\u00f3n estuvo a cargo de una empresa alemana y se mantuvo en funcionamiento entre los a\u00f1os 1904 y 1929 con el objetivo de explotar la mina La Mejicana, reemplazando el acarreo a lomo de mula y posibilitando la extracci\u00f3n de oro,\u00a0plata,\u00a0hierro,\u00a0cobre\u00a0y\u00a0plomo&#8230;.<\/p>\n","protected":false},"author":1,"featured_media":11688,"comment_status":"open","ping_status":"open","sticky":false,"template":"","format":"gallery","meta":{"footnotes":""},"categories":[3588],"tags":[],"_links":{"self":[{"href":"https:\/\/www.alquilerargentina.com\/blog\/wp-json\/wp\/v2\/posts\/11662"}],"collection":[{"href":"https:\/\/www.alquilerargentina.com\/blog\/wp-json\/wp\/v2\/posts"}],"about":[{"href":"https:\/\/www.alquilerargentina.com\/blog\/wp-json\/wp\/v2\/types\/post"}],"author":[{"embeddable":true,"href":"https:\/\/www.alquilerargentina.com\/blog\/wp-json\/wp\/v2\/users\/1"}],"replies":[{"embeddable":true,"href":"https:\/\/www.alquilerargentina.com\/blog\/wp-json\/wp\/v2\/comments?post=11662"}],"version-history":[{"count":5,"href":"https:\/\/www.alquilerargentina.com\/blog\/wp-json\/wp\/v2\/posts\/11662\/revisions"}],"predecessor-version":[{"id":11857,"href":"https:\/\/www.alquilerargentina.com\/blog\/wp-json\/wp\/v2\/posts\/11662\/revisions\/11857"}],"wp:featuredmedia":[{"embeddable":true,"href":"https:\/\/www.alquilerargentina.com\/blog\/wp-json\/wp\/v2\/media\/11688"}],"wp:attachment":[{"href":"https:\/\/www.alquilerargentina.com\/blog\/wp-json\/wp\/v2\/media?parent=11662"}],"wp:term":[{"taxonomy":"category","embeddable":true,"href":"https:\/\/www.alquilerargentina.com\/blog\/wp-json\/wp\/v2\/categories?post=11662"},{"taxonomy":"post_tag","embeddable":true,"href":"https:\/\/www.alquilerargentina.com\/blog\/wp-json\/wp\/v2\/tags?post=11662"}],"curies":[{"name":"wp","href":"https:\/\/api.w.org\/{rel}","templated":true}]}}