{"id":11425,"date":"2016-03-22T10:00:12","date_gmt":"2016-03-22T13:00:12","guid":{"rendered":"http:\/\/www.alquilerargentina.com\/blog\/?p=11425"},"modified":"2016-05-26T17:08:47","modified_gmt":"2016-05-26T20:08:47","slug":"ruta-del-vino-en-mendoza","status":"publish","type":"post","link":"https:\/\/www.alquilerargentina.com\/blog\/paseos-y-excursiones\/ruta-del-vino-en-mendoza.html","title":{"rendered":"Ruta del Vino en Mendoza"},"content":{"rendered":"<div class=\"sixcol \" style=\"text-align: justify;\">Siempre un viaje es mejor cuando los sabores acompa\u00f1an, cuando los aromas marcan el camino de la historia y la idiosincrasia del lugar. Pues bien, en este caso, el mejor ejemplo es <span style=\"color: #ff6600;\"><strong><a style=\"color: #ff6600;\" href=\"http:\/\/www.alquilerargentina.com\/Mendoza\/?utm_source=alquilerargentina&amp;utm_medium=blog&amp;utm_campaign=destinos_mendoza\" target=\"_blank\">Mendoza<\/a><\/strong><\/span> con la <strong>Ruta del Vino<\/strong>, para llevarla a cabo en cualquier momento del a\u00f1o.<\/div>\n<div class=\"sixcol \" style=\"text-align: justify;\"><\/div>\n<div class=\"sixcol \" style=\"text-align: justify;\"><strong><a href=\"http:\/\/www.alquilerargentina.com\/Mendoza\/?utm_source=alquilerargentina&amp;utm_medium=blog&amp;utm_campaign=destinos_mendoza\" target=\"_blank\">Mendoza<\/a><\/strong> lo tiene todo, belleza de paisajes, festivales reconocidos, rutas impresionantes y la mejor bebida: el vino. El recorrido\u00a0vitivin\u00edcola es emblem\u00e1tico, es algo que hay que hacer s\u00ed o s\u00ed, para conocer las empresas m\u00e1s importantes como as\u00ed a los peque\u00f1os productores que reci\u00e9n comienzan esta aventura.\u00a0La\u00a0geograf\u00eda des\u00e9rtica, con\u00a0oasis extensos\u00a0de vid, convierte a la vitivinicultura en un producto de admiraci\u00f3n nacional e internacional. Vamos, acompa\u00f1anos a hacer esta ruta&#8230;<\/div>\n<div class=\"sixcol \" style=\"text-align: justify;\"><\/div>\n<div class=\"sixcol \" style=\"text-align: justify;\">\u00a0<a ref=\"magnificPopup\" href=\"http:\/\/www.alquilerargentina.com\/blog\/wp-content\/uploads\/2016\/03\/ruta2.jpg\"><img loading=\"lazy\" decoding=\"async\" class=\"alignnone wp-image-11427 size-full\" src=\"http:\/\/www.alquilerargentina.com\/blog\/wp-content\/uploads\/2016\/03\/ruta2.jpg\" alt=\"ruta2\" width=\"785\" height=\"360\" srcset=\"https:\/\/blog3.alquilerargentina.com\/wp-content\/uploads\/2016\/03\/ruta2.jpg 785w, https:\/\/blog3.alquilerargentina.com\/wp-content\/uploads\/2016\/03\/ruta2-300x138.jpg 300w\" sizes=\"(max-width: 785px) 100vw, 785px\" \/><\/a><\/div>\n<h2 class=\"sixcol \" style=\"text-align: justify;\">Zona Sur<\/h2>\n<div class=\"sixcol \" style=\"text-align: justify;\">\n<p class=\"eightcol last\">Comenzaremos desde abajo, para ir subiendo por esta provincia que posee en la <strong>vitivinicultura<\/strong>\u00a0la actividad m\u00e1s destacada de su\u00a0agricultura, con variedades como\u00a0<strong>Cabernet Sauvignon, Malbec, Merlot<\/strong>, entre tantos otros.<\/p>\n<p class=\"eightcol last\">La zona sur, comprende vi\u00f1edos de <strong><span style=\"color: #ff6600;\"><a style=\"color: #ff6600;\" href=\"http:\/\/www.alquilerargentina.com\/Mendoza\/San-Rafael\/?utm_source=alquilerargentina&amp;utm_medium=blog&amp;utm_campaign=destinos_sanrafael\" target=\"_blank\">San Rafael<\/a><\/span><\/strong> y <span style=\"color: #ff6600;\"><strong><a style=\"color: #ff6600;\" href=\"http:\/\/www.alquilerargentina.com\/Mendoza\/General-Alvear\/?utm_source=alquilerargentina&amp;utm_medium=blog&amp;utm_campaign=destinos_generalalvear\" target=\"_blank\">General Alvear<\/a><\/strong><\/span>, que se ubican al pie de la Cordillera. Regi\u00f3n de perfil rural con variados paisajes, cuenta con la posibilidad de disfrutar <strong>turismo aventura<\/strong> y de descanso.\u00a0Aqu\u00ed se encuentra el 20% de los vi\u00f1edos de la provincia, con alturas que van desde los 450 a 800mts y con la <b>Denominaci\u00f3n de Origen San Rafael<\/b>\u00a0que se implement\u00f3 en 1993.<\/p>\n<p class=\"eightcol last\"><a ref=\"magnificPopup\" href=\"http:\/\/www.alquilerargentina.com\/blog\/wp-content\/uploads\/2016\/03\/sanrafael.jpg\"><img loading=\"lazy\" decoding=\"async\" class=\"alignnone wp-image-11430 size-full\" src=\"http:\/\/www.alquilerargentina.com\/blog\/wp-content\/uploads\/2016\/03\/sanrafael.jpg\" alt=\"sanrafael\" width=\"785\" height=\"360\" srcset=\"https:\/\/blog3.alquilerargentina.com\/wp-content\/uploads\/2016\/03\/sanrafael.jpg 785w, https:\/\/blog3.alquilerargentina.com\/wp-content\/uploads\/2016\/03\/sanrafael-300x138.jpg 300w\" sizes=\"(max-width: 785px) 100vw, 785px\" \/><\/a><\/p>\n<blockquote>\n<h4 class=\"eightcol last\"><span style=\"color: #000000;\"><strong><a href=\"http:\/\/www.alquilerargentina.com\/Mendoza\/San-Rafael\/?utm_source=alquilerargentina&amp;utm_medium=blog&amp;utm_campaign=destinos_sanrafael\">Alojamientos para alquilar en San Rafael<\/a>\u00a0 [button type=\u00bbbd_button btn_small\u00bb url=\u00bbhttp:\/\/www.alquilerargentina.com\/Mendoza\/San-Rafael\/?utm_source=alquilerargentina&amp;utm_medium=blog&amp;utm_campaign=destinos_sanrafael\u00bb target=\u00bbon\u00bb button_color_fon=\u00bb#ff8000&#8243; button_text_color=\u00bb#ffffff\u00bb ]click aqu\u00ed[\/button] <\/strong><\/span><\/h4>\n<\/blockquote>\n<\/div>\n<h2 class=\"sixcol \" style=\"text-align: justify;\">Zona Este<\/h2>\n<p style=\"text-align: justify;\">Esta zona, es la principal\u00a0productora de la provincia, con una altura que va desde los 600 a 700 mts. Su paisaje es netamente rural, con peque\u00f1os pueblos desparramados\u00a0por el territorio: los departamentos de <strong>San Mart\u00edn<\/strong>, <span style=\"color: #ff6600;\"><strong><a style=\"color: #ff6600;\" href=\"http:\/\/www.alquilerargentina.com\/Mendoza\/Rivadavia\/?utm_source=alquilerargentina&amp;utm_medium=blog&amp;utm_campaign=destinos_rivadavia\" target=\"_blank\">Rivadavia<\/a><\/strong><\/span>, <strong>Jun\u00edn, Santa Rosa <\/strong>y<strong> La Paz\u00a0<\/strong>es donde los\u00a0vi\u00f1edos irrigados por aguas fr\u00edas nos regalan\u00a0variedades de uva. La Cordillera cuida y embellece todo lo que se ve por estos lados, adem\u00e1s de atractivos hist\u00f3ricos y culturales.<\/p>\n<p style=\"text-align: justify;\"><a ref=\"magnificPopup\" href=\"http:\/\/www.alquilerargentina.com\/blog\/wp-content\/uploads\/2016\/03\/rivadavia.jpg\"><img loading=\"lazy\" decoding=\"async\" class=\"alignnone wp-image-11433 size-full\" src=\"http:\/\/www.alquilerargentina.com\/blog\/wp-content\/uploads\/2016\/03\/rivadavia.jpg\" alt=\"rivadavia\" width=\"785\" height=\"360\" srcset=\"https:\/\/blog3.alquilerargentina.com\/wp-content\/uploads\/2016\/03\/rivadavia.jpg 785w, https:\/\/blog3.alquilerargentina.com\/wp-content\/uploads\/2016\/03\/rivadavia-300x138.jpg 300w\" sizes=\"(max-width: 785px) 100vw, 785px\" \/><\/a><\/p>\n<blockquote>\n<h4 style=\"text-align: justify;\"><span style=\"color: #000000;\"><strong><a href=\"http:\/\/www.alquilerargentina.com\/Mendoza\/Rivadavia\/?utm_source=alquilerargentina&amp;utm_medium=blog&amp;utm_campaign=destinos_rivadavia\">\u00a1Lugares para alquilar en Rivadavia!<\/a>\u00a0 [button type=\u00bbbd_button btn_small\u00bb url=\u00bbhttp:\/\/www.alquilerargentina.com\/Mendoza\/Rivadavia\/?utm_source=alquilerargentina&amp;utm_medium=blog&amp;utm_campaign=destinos_rivadavia\u00bb target=\u00bbon\u00bb button_color_fon=\u00bb#ff8000&#8243; button_text_color=\u00bb#ffffff\u00bb ]+info[\/button] <\/strong><\/span><\/h4>\n<\/blockquote>\n<h2 style=\"text-align: justify;\">Zona Norte<\/h2>\n<p style=\"text-align: justify;\">Apta para blancos frutados y tintos j\u00f3venes, con una altitud de 600 a 700 mts.\u00a0tienen lugar\u00a0m\u00e1s de la mitad de las bodegas abiertas al p\u00fablico. Combina lo\u00a0urbano con lo rural, regalando as\u00ed, una variedad de modelos productivos partiendo de lo\u00a0artesanal a lo industrial. Los departamentos de<strong> Lavalle <\/strong>y\u00a0<strong><a href=\"http:\/\/www.alquilerargentina.com\/Mendoza\/Las-Heras\/?utm_source=alquilerargentina&amp;utm_medium=blog&amp;utm_campaign=destinos_lasheras\" target=\"_blank\">Las Heras<\/a><\/strong> cultivan principalmente variedades rosadas; mientras que de la zona de<strong>\u00a0<a href=\"http:\/\/www.alquilerargentina.com\/Mendoza\/Maipu\/?utm_source=alquilerargentina&amp;utm_medium=blog&amp;utm_campaign=destinos_maipu\" target=\"_blank\">Maip\u00fa<\/a>, <a href=\"http:\/\/www.alquilerargentina.com\/Mendoza\/Guaymallen\/?utm_source=alquilerargentina&amp;utm_medium=blog&amp;utm_campaign=destinos_guaymallen\" target=\"_blank\">Guaymall\u00e9n<\/a>, <a href=\"http:\/\/www.alquilerargentina.com\/Mendoza\/Godoy-Cruz\/?utm_source=alquilerargentina&amp;utm_medium=blog&amp;utm_campaign=destinos_godoycruz\" target=\"_blank\">Godoy Cruz<\/a>\u00a0<\/strong>y<strong>\u00a0<a href=\"http:\/\/www.alquilerargentina.com\/Mendoza\/Lujan-De-Cuyo\/?utm_source=alquilerargentina&amp;utm_medium=blog&amp;utm_campaign=destinos_lujandecuyo\" target=\"_blank\">Luj\u00e1n de Cuyo <\/a><\/strong>posee gran calidad en tintos, rosados y vinos. La \u00faltima localidad, es la m\u00e1s valorada por los consumidores de vinos de todo el pa\u00eds.<\/p>\n<p style=\"text-align: justify;\"><a ref=\"magnificPopup\" href=\"http:\/\/www.alquilerargentina.com\/blog\/wp-content\/uploads\/2016\/03\/lujandecuyo.jpg\"><img loading=\"lazy\" decoding=\"async\" class=\"alignnone wp-image-11436 size-full\" src=\"http:\/\/www.alquilerargentina.com\/blog\/wp-content\/uploads\/2016\/03\/lujandecuyo.jpg\" alt=\"lujandecuyo\" width=\"785\" height=\"360\" srcset=\"https:\/\/blog3.alquilerargentina.com\/wp-content\/uploads\/2016\/03\/lujandecuyo.jpg 785w, https:\/\/blog3.alquilerargentina.com\/wp-content\/uploads\/2016\/03\/lujandecuyo-300x138.jpg 300w\" sizes=\"(max-width: 785px) 100vw, 785px\" \/><\/a><\/p>\n<blockquote>\n<h4 style=\"text-align: justify;\"><span style=\"color: #000000;\"><strong><a href=\"http:\/\/www.alquilerargentina.com\/Mendoza\/Lujan-De-Cuyo\/?utm_source=alquilerargentina&amp;utm_medium=blog&amp;utm_campaign=destinos_lujandecuyo\" target=\"_blank\">Casas y caba\u00f1as para alquilar en Luj\u00e1n de Cuyo<\/a>\u00a0 [button type=\u00bbbd_button btn_small\u00bb url=\u00bbhttp:\/\/www.alquilerargentina.com\/Mendoza\/Lujan-De-Cuyo\/?utm_source=alquilerargentina&amp;utm_medium=blog&amp;utm_campaign=destinos_lujandecuyo\u00bb target=\u00bbon\u00bb button_color_fon=\u00bb#ff8000&#8243; button_text_color=\u00bb#ffffff\u00bb ]ver m\u00e1s[\/button] <\/strong><\/span><\/h4>\n<\/blockquote>\n<h2 style=\"text-align: justify;\"><b>Valle de Uco<\/b><\/h2>\n<p style=\"text-align: justify;\">Con el\u00a0clima m\u00e1s fr\u00edo y mayor altitud (entre 800 y 1400 mts. sobre el nivel del mar) hace que la mayor parte de los vi\u00f1edos se ubiquen en las laderas de la precordillera y salgan los vinos con\u00a0muy buena acidez.<\/p>\n<p style=\"text-align: justify;\"><strong><span style=\"color: #ff6600;\"><a style=\"color: #ff6600;\" href=\"http:\/\/www.alquilerargentina.com\/Mendoza\/Tunuyan\/?utm_source=alquilerargentina&amp;utm_medium=blog&amp;utm_campaign=destinos_tunuyan\" target=\"_blank\">Tunuy\u00e1n<\/a><\/span>, Tupungato <\/strong>y<strong> San Carlos<\/strong>\u00a0se destacan y es de donde sale\u00a0el famoso <strong>Malbec<\/strong>, con una calidad inigualable en la zona. Son peque\u00f1as\u00a0villas rurales con el paisaje cordillerano de fondo, que magnifica todo. Una fuerte identidad vitivin\u00edcola, ofreciendo en sus bodegas todo tipo de actividades, posibilidades para que se deleite en cuerpo y alma esta parte de la <strong>Ruta del Vino<\/strong>.<\/p>\n<p style=\"text-align: justify;\"><a ref=\"magnificPopup\" href=\"http:\/\/www.alquilerargentina.com\/blog\/wp-content\/uploads\/2016\/03\/valledeuco.jpg\"><img loading=\"lazy\" decoding=\"async\" class=\"alignnone wp-image-11435 size-full\" src=\"http:\/\/www.alquilerargentina.com\/blog\/wp-content\/uploads\/2016\/03\/valledeuco.jpg\" alt=\"valledeuco\" width=\"785\" height=\"360\" srcset=\"https:\/\/blog3.alquilerargentina.com\/wp-content\/uploads\/2016\/03\/valledeuco.jpg 785w, https:\/\/blog3.alquilerargentina.com\/wp-content\/uploads\/2016\/03\/valledeuco-300x138.jpg 300w\" sizes=\"(max-width: 785px) 100vw, 785px\" \/><\/a><\/p>\n<blockquote>\n<h4 style=\"text-align: justify;\"><span style=\"color: #000000;\"><strong><a href=\"http:\/\/www.alquilerargentina.com\/Mendoza\/Tunuyan\/?utm_source=alquilerargentina&amp;utm_medium=blog&amp;utm_campaign=destinos_tunuyan\" target=\"_blank\">Disfrut\u00e1 de un vino en Tunuyan en estas caba\u00f1as y aparts<\/a>\u00a0 [button type=\u00bbbd_button btn_small\u00bb url=\u00bbhttp:\/\/www.alquilerargentina.com\/Mendoza\/Tunuyan\/?utm_source=alquilerargentina&amp;utm_medium=blog&amp;utm_campaign=destinos_tunuyan\u00bb target=\u00bbon\u00bb button_color_fon=\u00bb#ff8000&#8243; button_text_color=\u00bb#ffffff\u00bb ]click aqu\u00ed[\/button] <\/strong><\/span><\/h4>\n<\/blockquote>\n","protected":false},"excerpt":{"rendered":"<p>Siempre un viaje es mejor cuando los sabores acompa\u00f1an, cuando los aromas marcan el camino de la historia y la idiosincrasia del lugar. Pues bien, en este caso, el mejor ejemplo es Mendoza con la Ruta del Vino, para llevarla a cabo en cualquier momento del a\u00f1o. Mendoza lo tiene todo, belleza de paisajes, festivales&#8230;<\/p>\n","protected":false},"author":1,"featured_media":11428,"comment_status":"open","ping_status":"open","sticky":false,"template":"","format":"standard","meta":{"footnotes":""},"categories":[3588],"tags":[],"_links":{"self":[{"href":"https:\/\/www.alquilerargentina.com\/blog\/wp-json\/wp\/v2\/posts\/11425"}],"collection":[{"href":"https:\/\/www.alquilerargentina.com\/blog\/wp-json\/wp\/v2\/posts"}],"about":[{"href":"https:\/\/www.alquilerargentina.com\/blog\/wp-json\/wp\/v2\/types\/post"}],"author":[{"embeddable":true,"href":"https:\/\/www.alquilerargentina.com\/blog\/wp-json\/wp\/v2\/users\/1"}],"replies":[{"embeddable":true,"href":"https:\/\/www.alquilerargentina.com\/blog\/wp-json\/wp\/v2\/comments?post=11425"}],"version-history":[{"count":8,"href":"https:\/\/www.alquilerargentina.com\/blog\/wp-json\/wp\/v2\/posts\/11425\/revisions"}],"predecessor-version":[{"id":11481,"href":"https:\/\/www.alquilerargentina.com\/blog\/wp-json\/wp\/v2\/posts\/11425\/revisions\/11481"}],"wp:featuredmedia":[{"embeddable":true,"href":"https:\/\/www.alquilerargentina.com\/blog\/wp-json\/wp\/v2\/media\/11428"}],"wp:attachment":[{"href":"https:\/\/www.alquilerargentina.com\/blog\/wp-json\/wp\/v2\/media?parent=11425"}],"wp:term":[{"taxonomy":"category","embeddable":true,"href":"https:\/\/www.alquilerargentina.com\/blog\/wp-json\/wp\/v2\/categories?post=11425"},{"taxonomy":"post_tag","embeddable":true,"href":"https:\/\/www.alquilerargentina.com\/blog\/wp-json\/wp\/v2\/tags?post=11425"}],"curies":[{"name":"wp","href":"https:\/\/api.w.org\/{rel}","templated":true}]}}