{"id":11122,"date":"2016-03-01T11:00:08","date_gmt":"2016-03-01T14:00:08","guid":{"rendered":"http:\/\/www.alquilerargentina.com\/blog\/?p=11122"},"modified":"2016-05-26T17:09:12","modified_gmt":"2016-05-26T20:09:12","slug":"museos-para-visitar-en-cordoba","status":"publish","type":"post","link":"https:\/\/www.alquilerargentina.com\/blog\/paseos-y-excursiones\/museos-para-visitar-en-cordoba.html","title":{"rendered":"Museos para visitar en C\u00f3rdoba"},"content":{"rendered":"<p style=\"text-align: justify;\">El saber y el conocer no se toman descanso. Ahora es\u00a0cuando tenemos m\u00e1s tiempo libre para conocer m\u00e1s sobre los lugares que hacen a las ciudades. En esta oportunidad te\u00a0traemos los mejores <span style=\"color: #333333;\"><strong><a href=\"http:\/\/www.alquilerargentina.com\/C\u00f3rdoba\/Ciudad-De-C\u00f3rdoba\/?utm_source=alquilerargentina&amp;utm_medium=blog&amp;utm_campaign=destinos_ciudaddecordoba\" target=\"_blank\">museos para visitar en la <span style=\"color: #ff6600;\">Ciudad de\u00a0C\u00f3rdoba<\/span><\/a>.<\/strong><\/span><\/p>\n<h2 style=\"text-align: justify;\">Museo Superior de Bellas Artes Evita &#8211; Palacio Ferreyra<\/h2>\n<p style=\"text-align: justify;\">Este lugar, es un magn\u00edfico edificio que data de 1919, en un \u00e1rea muy concurrida de <strong><a href=\"http:\/\/www.alquilerargentina.com\/C\u00f3rdoba\/Ciudad-De-C\u00f3rdoba\/?utm_source=alquilerargentina&amp;utm_medium=blog&amp;utm_campaign=destinos_ciudaddecordoba\" target=\"_blank\">C\u00f3rdoba<\/a><\/strong>. Posee una exhibici\u00f3n permanente de obras de la colecci\u00f3n de arte del gobierno\u00a0de maestros como Antonio Segu\u00ed, Emilio Caraffa, Jos\u00e9 Malanca y la serie Manos An\u00f3nimas de Carlos Alonso.<\/p>\n<p style=\"text-align: justify;\"><a ref=\"magnificPopup\" href=\"http:\/\/www.alquilerargentina.com\/blog\/wp-content\/uploads\/2016\/02\/museoevita.jpg\"><img loading=\"lazy\" decoding=\"async\" class=\"alignnone wp-image-11140 size-full\" src=\"http:\/\/www.alquilerargentina.com\/blog\/wp-content\/uploads\/2016\/02\/museoevita.jpg\" alt=\"museoevita\" width=\"785\" height=\"360\" srcset=\"https:\/\/blog3.alquilerargentina.com\/wp-content\/uploads\/2016\/02\/museoevita.jpg 785w, https:\/\/blog3.alquilerargentina.com\/wp-content\/uploads\/2016\/02\/museoevita-300x138.jpg 300w\" sizes=\"(max-width: 785px) 100vw, 785px\" \/><\/a><\/p>\n<p style=\"text-align: justify;\">Este soberbio palacio fue una construcci\u00f3n empleada para vivienda familiar privada, dise\u00f1ado por el arquitecto franc\u00e9s Ernst-Paul Sanson, con un modelo de estilo Imperio e imprta clasicista. Desde el a\u00f1o 2007 se abri\u00f3 ccomo Museo Evita &#8211; Palacio de Ferreyra. Se encuentra en Av. Yrigoyen 511.<\/p>\n<p style=\"text-align: justify;\"><img loading=\"lazy\" decoding=\"async\" class=\"alignnone wp-image-11141 size-full\" src=\"http:\/\/www.alquilerargentina.com\/blog\/wp-content\/uploads\/2016\/02\/museoevita2.jpg\" alt=\"museoevita2\" width=\"785\" height=\"360\" srcset=\"https:\/\/blog3.alquilerargentina.com\/wp-content\/uploads\/2016\/02\/museoevita2.jpg 785w, https:\/\/blog3.alquilerargentina.com\/wp-content\/uploads\/2016\/02\/museoevita2-300x138.jpg 300w\" sizes=\"(max-width: 785px) 100vw, 785px\" \/><\/p>\n<h2 style=\"text-align: justify;\">Museo Provincial de Bellas Artes Emilio Caraffa<\/h2>\n<p style=\"text-align: justify;\">Fundado en 1914, desde 1916 cuenta con edificio propio concebido por el Arquitecto Juan Kronfuss. En 2007, este museo triplic\u00f3 el espacio expositivo y sum\u00f3 servicios para el visitante. As\u00ed, se pueden topar con una librer\u00eda, biblioteca y los mejores platos gourmet en su resto &#8211; bar.<\/p>\n<p style=\"text-align: justify;\"><a ref=\"magnificPopup\" href=\"http:\/\/www.alquilerargentina.com\/blog\/wp-content\/uploads\/2016\/02\/caraffa1.jpg\"><img loading=\"lazy\" decoding=\"async\" class=\"alignnone wp-image-11142 size-full\" src=\"http:\/\/www.alquilerargentina.com\/blog\/wp-content\/uploads\/2016\/02\/caraffa1.jpg\" alt=\"caraffa1\" width=\"785\" height=\"360\" srcset=\"https:\/\/blog3.alquilerargentina.com\/wp-content\/uploads\/2016\/02\/caraffa1.jpg 785w, https:\/\/blog3.alquilerargentina.com\/wp-content\/uploads\/2016\/02\/caraffa1-300x138.jpg 300w\" sizes=\"(max-width: 785px) 100vw, 785px\" \/><\/a><\/p>\n<p style=\"text-align: justify;\">El visitante puede recorrer de cuatro a siete muestras simult\u00e1neamente en las nuevas salas, en las que ninguna disciplina se olvida. As\u00ed, pintura, escultura, fotograf\u00eda, dibujo, nuevas tecnolog\u00edas y video arte tienen su lugar en este espacio. Est\u00e1 en Av. Poeta Lugones 411, Plaza Espa\u00f1a.<\/p>\n<p style=\"text-align: justify;\"><a ref=\"magnificPopup\" href=\"http:\/\/www.alquilerargentina.com\/blog\/wp-content\/uploads\/2016\/02\/caraffa2.jpg\"><img loading=\"lazy\" decoding=\"async\" class=\"alignnone wp-image-11143 size-full\" src=\"http:\/\/www.alquilerargentina.com\/blog\/wp-content\/uploads\/2016\/02\/caraffa2.jpg\" alt=\"caraffa2\" width=\"785\" height=\"360\" srcset=\"https:\/\/blog3.alquilerargentina.com\/wp-content\/uploads\/2016\/02\/caraffa2.jpg 785w, https:\/\/blog3.alquilerargentina.com\/wp-content\/uploads\/2016\/02\/caraffa2-300x138.jpg 300w\" sizes=\"(max-width: 785px) 100vw, 785px\" \/><\/a><\/p>\n<h2 style=\"text-align: justify;\">Paseo del Buen Pastor<\/h2>\n<p style=\"text-align: justify;\">En <strong><a href=\"http:\/\/www.alquilerargentina.com\/C\u00f3rdoba\/Ciudad-De-C\u00f3rdoba\/?utm_source=alquilerargentina&amp;utm_medium=blog&amp;utm_campaign=destinos_ciudaddecordoba\" target=\"_blank\">C\u00f3rdoba<\/a><\/strong> existe un lugar que se ha transformado, hasta ser un lugar obligado de encuentro d\u00eda a d\u00eda o en los fines de semana. No solo para las familias, sino para los j\u00f3venes de otras provincias y ciudades que llegan a la capital a estudiar.<\/p>\n<p style=\"text-align: justify;\"><a ref=\"magnificPopup\" href=\"http:\/\/www.alquilerargentina.com\/blog\/wp-content\/uploads\/2016\/02\/pastor.jpg\"><img loading=\"lazy\" decoding=\"async\" class=\"alignnone wp-image-11148 size-full\" src=\"http:\/\/www.alquilerargentina.com\/blog\/wp-content\/uploads\/2016\/02\/pastor.jpg\" alt=\"pastor\" width=\"785\" height=\"360\" srcset=\"https:\/\/blog3.alquilerargentina.com\/wp-content\/uploads\/2016\/02\/pastor.jpg 785w, https:\/\/blog3.alquilerargentina.com\/wp-content\/uploads\/2016\/02\/pastor-300x138.jpg 300w\" sizes=\"(max-width: 785px) 100vw, 785px\" \/><\/a><\/p>\n<p style=\"text-align: justify;\">El <strong>Paseo del Buen Pastor<\/strong>, funcion\u00f3 durate casi 100 a\u00f1os como una c\u00e1rcel de mujeres, hasta que en 2007 fue modificado para llegar a ser un espacio urbano, recreativo para la ciudad. El lugar, hermoso por donde se lo mire, no debe olvidarse de su origen, no debe no tener memoria.<\/p>\n<p style=\"text-align: justify;\">Se ubica en el coraz\u00f3n del <strong>Barrio de Nueva C\u00f3rdoba<\/strong>, ofrece al visitante varias actividades art\u00edsticas y recreativas como conciertos, muesras de pinturas y fotograf\u00edas, adem\u00e1s de las famosas aguas danzantes que congrega a cientos cada d\u00eda, para disfrutar de m\u00fasica y luces.<\/p>\n<p style=\"text-align: justify;\">Cuenta con galer\u00eda de arte, espacios verdes, bares y restaurantes.<\/p>\n<p style=\"text-align: justify;\"><a ref=\"magnificPopup\" href=\"http:\/\/www.alquilerargentina.com\/blog\/wp-content\/uploads\/2016\/02\/aguasdanzantes.jpg\"><img loading=\"lazy\" decoding=\"async\" class=\"alignnone wp-image-11149 size-full\" src=\"http:\/\/www.alquilerargentina.com\/blog\/wp-content\/uploads\/2016\/02\/aguasdanzantes.jpg\" alt=\"aguasdanzantes\" width=\"785\" height=\"360\" srcset=\"https:\/\/blog3.alquilerargentina.com\/wp-content\/uploads\/2016\/02\/aguasdanzantes.jpg 785w, https:\/\/blog3.alquilerargentina.com\/wp-content\/uploads\/2016\/02\/aguasdanzantes-300x138.jpg 300w\" sizes=\"(max-width: 785px) 100vw, 785px\" \/><\/a><\/p>\n<h2 style=\"text-align: justify;\">Centro Cultural C\u00f3rdoba<\/h2>\n<p style=\"text-align: justify;\">Terminamos con el \u00faltimo lugar inaugurado. Hablamos del <strong>Centro Cultural C\u00f3rdoba<\/strong>, un moderno complejo cultural de dise\u00f1o futurista, que abri\u00f3 sus puertas en octubre de 2014. Aloja un Centro de Interpretaci\u00f3n para grandes exhibiciones y ferias, y un Auditorio con capacidad para 200 personas destinado a la m\u00fasica de c\u00e1mara de todos los g\u00e9neros.<\/p>\n<p style=\"text-align: justify;\"><a ref=\"magnificPopup\" href=\"http:\/\/www.alquilerargentina.com\/blog\/wp-content\/uploads\/2016\/02\/centrocult2.jpg\"><img loading=\"lazy\" decoding=\"async\" class=\"alignnone wp-image-11152 size-full\" src=\"http:\/\/www.alquilerargentina.com\/blog\/wp-content\/uploads\/2016\/02\/centrocult2.jpg\" alt=\"centrocult2\" width=\"785\" height=\"360\" srcset=\"https:\/\/blog3.alquilerargentina.com\/wp-content\/uploads\/2016\/02\/centrocult2.jpg 785w, https:\/\/blog3.alquilerargentina.com\/wp-content\/uploads\/2016\/02\/centrocult2-300x138.jpg 300w\" sizes=\"(max-width: 785px) 100vw, 785px\" \/><\/a><\/p>\n<p style=\"text-align: justify;\">Es el marco ideal para conferencias, capacitaciones y ciclos de cine. Como tambi\u00e9n, lo mejor para eventos culturales o\u00a0punto de encuentro social, ya que en su techo -que sirve de plataforma- se puede lograr esto \u00faltimo.<\/p>\n<p style=\"text-align: justify;\"><img loading=\"lazy\" decoding=\"async\" class=\"alignnone wp-image-11151 size-full\" src=\"http:\/\/www.alquilerargentina.com\/blog\/wp-content\/uploads\/2016\/02\/centrocult.jpg\" alt=\"centrocult\" width=\"785\" height=\"360\" srcset=\"https:\/\/blog3.alquilerargentina.com\/wp-content\/uploads\/2016\/02\/centrocult.jpg 785w, https:\/\/blog3.alquilerargentina.com\/wp-content\/uploads\/2016\/02\/centrocult-300x138.jpg 300w\" sizes=\"(max-width: 785px) 100vw, 785px\" \/><\/p>\n<p style=\"text-align: justify;\">Son s\u00f3lo algunos lugares para conocer en <strong><a href=\"http:\/\/www.alquilerargentina.com\/C\u00f3rdoba\/Ciudad-De-C\u00f3rdoba\/?utm_source=alquilerargentina&amp;utm_medium=blog&amp;utm_campaign=destinos_ciudaddecordoba\" target=\"_blank\">C\u00f3rdoba<\/a><\/strong>, en lo que queda del verano y en todo el a\u00f1o.<\/p>\n<blockquote>\n<h4 style=\"text-align: justify;\"><span style=\"color: #000000;\"><strong><a href=\"http:\/\/www.alquilerargentina.com\/C\u00f3rdoba\/Ciudad-De-C\u00f3rdoba\/?utm_source=alquilerargentina&amp;utm_medium=blog&amp;utm_campaign=destinos_ciudaddecordoba\" target=\"_blank\">Alquil\u00e1 deptos y aparts en la Ciudad de C\u00f3rdoba<\/a>\u00a0 [button type=\u00bbbd_button btn_small\u00bb url=\u00bbhttp:\/\/www.alquilerargentina.com\/C\u00f3rdoba\/Ciudad-De-C\u00f3rdoba\/?utm_source=alquilerargentina&amp;utm_medium=blog&amp;utm_campaign=destinos_ciudaddecordoba\u00bb target=\u00bbon\u00bb button_color_fon=\u00bb#ff8000&#8243; button_text_color=\u00bb#ffffff\u00bb ]click aqu\u00ed[\/button] <\/strong><\/span><\/h4>\n<\/blockquote>\n","protected":false},"excerpt":{"rendered":"<p>El saber y el conocer no se toman descanso. Ahora es\u00a0cuando tenemos m\u00e1s tiempo libre para conocer m\u00e1s sobre los lugares que hacen a las ciudades. En esta oportunidad te\u00a0traemos los mejores museos para visitar en la Ciudad de\u00a0C\u00f3rdoba. Museo Superior de Bellas Artes Evita &#8211; Palacio Ferreyra Este lugar, es un magn\u00edfico edificio que&#8230;<\/p>\n","protected":false},"author":1,"featured_media":11145,"comment_status":"open","ping_status":"open","sticky":false,"template":"","format":"standard","meta":{"footnotes":""},"categories":[3588],"tags":[],"_links":{"self":[{"href":"https:\/\/www.alquilerargentina.com\/blog\/wp-json\/wp\/v2\/posts\/11122"}],"collection":[{"href":"https:\/\/www.alquilerargentina.com\/blog\/wp-json\/wp\/v2\/posts"}],"about":[{"href":"https:\/\/www.alquilerargentina.com\/blog\/wp-json\/wp\/v2\/types\/post"}],"author":[{"embeddable":true,"href":"https:\/\/www.alquilerargentina.com\/blog\/wp-json\/wp\/v2\/users\/1"}],"replies":[{"embeddable":true,"href":"https:\/\/www.alquilerargentina.com\/blog\/wp-json\/wp\/v2\/comments?post=11122"}],"version-history":[{"count":7,"href":"https:\/\/www.alquilerargentina.com\/blog\/wp-json\/wp\/v2\/posts\/11122\/revisions"}],"predecessor-version":[{"id":11195,"href":"https:\/\/www.alquilerargentina.com\/blog\/wp-json\/wp\/v2\/posts\/11122\/revisions\/11195"}],"wp:featuredmedia":[{"embeddable":true,"href":"https:\/\/www.alquilerargentina.com\/blog\/wp-json\/wp\/v2\/media\/11145"}],"wp:attachment":[{"href":"https:\/\/www.alquilerargentina.com\/blog\/wp-json\/wp\/v2\/media?parent=11122"}],"wp:term":[{"taxonomy":"category","embeddable":true,"href":"https:\/\/www.alquilerargentina.com\/blog\/wp-json\/wp\/v2\/categories?post=11122"},{"taxonomy":"post_tag","embeddable":true,"href":"https:\/\/www.alquilerargentina.com\/blog\/wp-json\/wp\/v2\/tags?post=11122"}],"curies":[{"name":"wp","href":"https:\/\/api.w.org\/{rel}","templated":true}]}}