{"id":11077,"date":"2016-02-26T10:00:04","date_gmt":"2016-02-26T13:00:04","guid":{"rendered":"http:\/\/www.alquilerargentina.com\/blog\/?p=11077"},"modified":"2016-05-26T17:03:43","modified_gmt":"2016-05-26T20:03:43","slug":"tuneles-de-hielo-en-esquel","status":"publish","type":"post","link":"https:\/\/www.alquilerargentina.com\/blog\/paseos-y-excursiones\/tuneles-de-hielo-en-esquel.html","title":{"rendered":"T\u00faneles de hielo en Esquel"},"content":{"rendered":"<p style=\"text-align: justify;\"><em>Visitar los <strong>T\u00faneles de Hielo en <span style=\"color: #ff6600;\"><a style=\"color: #ff6600;\" href=\"http:\/\/www.alquilerargentina.com\/Chubut\/Esquel\/?utm_source=alquilerargentina&amp;utm_medium=blog&amp;utm_campaign=destinos_esquel\" target=\"_blank\">Esquel<\/a><\/span><\/strong> es\u00a0una experiencia \u00fanica, ya que se trata de formaciones naturales de hielo en la base de una cascada. \u00a0Los t\u00faneles est\u00e1n ubicados a\u00a050 kil\u00f3metros de <span style=\"color: #ff6600;\"><strong><a href=\"http:\/\/www.alquilerargentina.com\/Chubut\/Esquel\/?utm_source=alquilerargentina&amp;utm_medium=blog&amp;utm_campaign=destinos_esquel\" target=\"_blank\">Esquel<\/a><\/strong> <\/span>\u00a0en el camino que asciende al <strong>Cerro La Torta<\/strong>, perteneciente\u00a0al Cord\u00f3n Rivadavia y situado al este del <strong>Lago Futalaufquen<\/strong>.<\/em><\/p>\n<p style=\"text-align: justify;\">Los<strong>\u00a0T\u00faneles de Hielo<\/strong> se tratan de formaciones tubulares de origen natural, que por las condiciones naturales \u00a0permiten acumular nieve eterna, por estar al reparo del sol, y produce un descongelamiento inverso de adentro hacia afuera formando t\u00faneles de hielo situados a una altura de 1.900 metros sobre el nivel del mar.\u00a0Esta asombrosa formaci\u00f3n est\u00e1 condicionada por el clima, y por ello en verano es la temporada m\u00e1s propicia para disfrutar de la excursi\u00f3n.<\/p>\n<p style=\"text-align: justify;\"><a ref=\"magnificPopup\" href=\"http:\/\/www.alquilerargentina.com\/blog\/wp-content\/uploads\/2016\/02\/cascada.jpg\"><img loading=\"lazy\" decoding=\"async\" class=\"alignnone size-full wp-image-11080\" src=\"http:\/\/www.alquilerargentina.com\/blog\/wp-content\/uploads\/2016\/02\/cascada.jpg\" alt=\"cascada\" width=\"785\" height=\"360\" srcset=\"https:\/\/blog3.alquilerargentina.com\/wp-content\/uploads\/2016\/02\/cascada.jpg 785w, https:\/\/blog3.alquilerargentina.com\/wp-content\/uploads\/2016\/02\/cascada-300x138.jpg 300w\" sizes=\"(max-width: 785px) 100vw, 785px\" \/><\/a><\/p>\n<blockquote>\n<h4 style=\"text-align: justify;\"><span style=\"color: #000000;\"><strong><a href=\"http:\/\/www.alquilerargentina.com\/Chubut\/Esquel\/?utm_source=alquilerargentina&amp;utm_medium=blog&amp;utm_campaign=destinos_esquel\">El #VERANO2016 a\u00fan no termina, planifica unas vacaciones diferentes\u00a0en Esquel<\/a>\u00a0 [button type=\u00bbbd_button btn_small\u00bb url=\u00bbhttp:\/\/www.alquilerargentina.com\/Chubut\/Esquel\/?utm_source=alquilerargentina&amp;utm_medium=blog&amp;utm_campaign=destinos_esquel\u00bb target=\u00bbon\u00bb button_color_fon=\u00bb#ff8000&#8243; button_text_color=\u00bb#ffffff\u00bb ]click aqu\u00ed[\/button] <\/strong><\/span><\/h4>\n<\/blockquote>\n<h2 style=\"text-align: justify;\"><strong>Traves\u00eda y aventura<\/strong><\/h2>\n<p style=\"text-align: justify;\">El recorrido se inicia desde <strong><a href=\"http:\/\/www.alquilerargentina.com\/Chubut\/Esquel\/?utm_source=alquilerargentina&amp;utm_medium=blog&amp;utm_campaign=destinos_esquel\" target=\"_blank\">Esquel<\/a><\/strong> hacia el <strong>Parque Nacional Los Alerces<\/strong>, donde se realiza un recorrido panor\u00e1mico. La excursi\u00f3n s\u00f3lo est\u00e1 permitida realizarla mediante la contrataci\u00f3n de agencias de turismo locales.<\/p>\n<p style=\"text-align: justify;\">Para llegar al punto m\u00e1s alto del bosque es necesario trasladarse en camionetas 4X4. All\u00ed comienza la traves\u00eda por antiguas huellas de carros que cargaban le\u00f1a, mientras se atraviesa un bosque de lengas y se aprecia desde las alturas al <strong>Parque Nacional Los Alerces<\/strong>. Luego de una hora de ascenso en veh\u00edculos, comieza el\u00a0trekking bordeando el Arroyo Irigoyen, hasta llegar a la cascada en la base del cerro d\u00f3nde se encuentran los <strong>T\u00faneles de Hielo.<\/strong><\/p>\n<blockquote><p><span style=\"color: #000000;\"><strong>La excursi\u00f3n dura 6 horas (de 14 a 20 hs.) y s\u00f3lo se realiza de diciembre a abril (las fechas var\u00edan seg\u00fan las condiciones clim\u00e1ticas).<\/strong><\/span><\/p><\/blockquote>\n<p style=\"text-align: justify;\">En la base de esta gran cascada, por la formaci\u00f3n tipo \u00abv\u00bb de la monta\u00f1a, se acumula gran cantidad de nieve. Por las condiciones clim\u00e1ticas de la zona, donde el sol no es tan fuerte, esa nieve es pr\u00e1cticamente eterna. Sin embargo, tiene la particularidad de descongelarse desde adentro hacia fuera, lo que permite la formaci\u00f3n de t\u00faneles que pueden recorrer hasta 100 metros.<\/p>\n<p><iframe loading=\"lazy\" title=\"@RevistaLugares - T\u00faneles de hielo en Esquel\" width=\"640\" height=\"360\" src=\"https:\/\/www.youtube.com\/embed\/8ohzUszsZi0?feature=oembed\" frameborder=\"0\" allow=\"accelerometer; autoplay; clipboard-write; encrypted-media; gyroscope; picture-in-picture; web-share\" referrerpolicy=\"strict-origin-when-cross-origin\" allowfullscreen><\/iframe><\/p>\n<h2 style=\"text-align: justify;\">Una experiencia fascinante<\/h2>\n<p style=\"text-align: justify;\">Realizar caminatas dentro de paredes de hielo produce una emoci\u00f3n incre\u00edble, tan extra\u00f1a como maravillosa; sentir que el espacio est\u00e1 envuelto en hielo, es una experiencia incomparable de las que en pocas oportunidades se puede participar.<\/p>\n<blockquote><p><span style=\"color: #000000;\"><strong>Visitar los T\u00faneles de Hielo, otorga al viajero una fascinante serie de ecosistemas en uno de los lugares m\u00e1s hermosos de la cordillera de los Andes, con paisajes \u00fanicos e irrepetibles.<\/strong><\/span><\/p><\/blockquote>\n<p style=\"text-align: justify;\">Los t\u00faneles se forman por las caracter\u00edsticas particulares del hielo en esa zona alta de la monta\u00f1a, y la temperatura de su suelo es la que genera el derretimiento de las capas internas desde abajo hacia arriba y da origen a los t\u00faneles.<\/p>\n<p style=\"text-align: justify;\">Cada paso en la marcha hacia el interior de la formaci\u00f3n, invita a descubrir un paisaje totalmente in\u00e9dito que se da en muy pocos lugares del mundo, en busca de una aventura diferente y rec\u00f3ndita.<\/p>\n<p style=\"text-align: justify;\"><a ref=\"magnificPopup\" href=\"http:\/\/www.alquilerargentina.com\/blog\/wp-content\/uploads\/2016\/02\/t\u00faneles-de-hielo.jpg\"><img loading=\"lazy\" decoding=\"async\" class=\"alignnone size-full wp-image-11081\" src=\"http:\/\/www.alquilerargentina.com\/blog\/wp-content\/uploads\/2016\/02\/t\u00faneles-de-hielo.jpg\" alt=\"t\u00faneles de hielo\" width=\"785\" height=\"360\" srcset=\"https:\/\/blog3.alquilerargentina.com\/wp-content\/uploads\/2016\/02\/t\u00faneles-de-hielo.jpg 785w, https:\/\/blog3.alquilerargentina.com\/wp-content\/uploads\/2016\/02\/t\u00faneles-de-hielo-300x138.jpg 300w\" sizes=\"(max-width: 785px) 100vw, 785px\" \/><\/a><\/p>\n<p style=\"text-align: justify;\"><a href=\"http:\/\/www.alquilerargentina.com\/Chubut\/Esquel\/?utm_source=alquilerargentina&amp;utm_medium=blog&amp;utm_campaign=destinos_esquel\" target=\"_blank\"><strong>Esquel<\/strong><\/a> te invita a disfrutar hermosos paisajes y experiencias. No te pierdas de vivir este destino en el <strong>Sur Argentino<\/strong>.<\/p>\n<blockquote>\n<h4 style=\"text-align: justify;\"><span style=\"color: #000000;\"><strong><a href=\"http:\/\/www.alquilerargentina.com\/Chubut\/Esquel\/?utm_source=alquilerargentina&amp;utm_medium=blog&amp;utm_campaign=destinos_esquel\">Conoc\u00e9 toda la oferta en caba\u00f1as, departamentos o aparts\u00a0en Esquel<\/a>\u00a0 [button type=\u00bbbd_button btn_small\u00bb url=\u00bbhttp:\/\/www.alquilerargentina.com\/Chubut\/Esquel\/?utm_source=alquilerargentina&amp;utm_medium=blog&amp;utm_campaign=destinos_esquel\u00bb target=\u00bbon\u00bb button_color_fon=\u00bb#ff8000&#8243; button_text_color=\u00bb#ffffff\u00bb ]ver m\u00e1s[\/button] <\/strong><\/span><\/h4>\n<\/blockquote>\n","protected":false},"excerpt":{"rendered":"<p>Visitar los T\u00faneles de Hielo en Esquel es\u00a0una experiencia \u00fanica, ya que se trata de formaciones naturales de hielo en la base de una cascada. \u00a0Los t\u00faneles est\u00e1n ubicados a\u00a050 kil\u00f3metros de Esquel \u00a0en el camino que asciende al Cerro La Torta, perteneciente\u00a0al Cord\u00f3n Rivadavia y situado al este del Lago Futalaufquen. Los\u00a0T\u00faneles de Hielo&#8230;<\/p>\n","protected":false},"author":1,"featured_media":11079,"comment_status":"open","ping_status":"open","sticky":false,"template":"","format":"standard","meta":{"footnotes":""},"categories":[3588],"tags":[],"_links":{"self":[{"href":"https:\/\/www.alquilerargentina.com\/blog\/wp-json\/wp\/v2\/posts\/11077"}],"collection":[{"href":"https:\/\/www.alquilerargentina.com\/blog\/wp-json\/wp\/v2\/posts"}],"about":[{"href":"https:\/\/www.alquilerargentina.com\/blog\/wp-json\/wp\/v2\/types\/post"}],"author":[{"embeddable":true,"href":"https:\/\/www.alquilerargentina.com\/blog\/wp-json\/wp\/v2\/users\/1"}],"replies":[{"embeddable":true,"href":"https:\/\/www.alquilerargentina.com\/blog\/wp-json\/wp\/v2\/comments?post=11077"}],"version-history":[{"count":7,"href":"https:\/\/www.alquilerargentina.com\/blog\/wp-json\/wp\/v2\/posts\/11077\/revisions"}],"predecessor-version":[{"id":11129,"href":"https:\/\/www.alquilerargentina.com\/blog\/wp-json\/wp\/v2\/posts\/11077\/revisions\/11129"}],"wp:featuredmedia":[{"embeddable":true,"href":"https:\/\/www.alquilerargentina.com\/blog\/wp-json\/wp\/v2\/media\/11079"}],"wp:attachment":[{"href":"https:\/\/www.alquilerargentina.com\/blog\/wp-json\/wp\/v2\/media?parent=11077"}],"wp:term":[{"taxonomy":"category","embeddable":true,"href":"https:\/\/www.alquilerargentina.com\/blog\/wp-json\/wp\/v2\/categories?post=11077"},{"taxonomy":"post_tag","embeddable":true,"href":"https:\/\/www.alquilerargentina.com\/blog\/wp-json\/wp\/v2\/tags?post=11077"}],"curies":[{"name":"wp","href":"https:\/\/api.w.org\/{rel}","templated":true}]}}