{"id":10901,"date":"2016-02-22T10:00:27","date_gmt":"2016-02-22T13:00:27","guid":{"rendered":"http:\/\/www.alquilerargentina.com\/blog\/?p=10901"},"modified":"2016-05-26T16:44:02","modified_gmt":"2016-05-26T19:44:02","slug":"circuito-papal-un-paseo-imperdible-en-buenos-aires","status":"publish","type":"post","link":"https:\/\/www.alquilerargentina.com\/blog\/paseos-y-excursiones\/circuito-papal-un-paseo-imperdible-en-buenos-aires.html","title":{"rendered":"Circuito papal: un paseo imperdible para conocer la vida del Papa Francisco"},"content":{"rendered":"<p style=\"text-align: justify;\"><em>Desde el<strong> 13 de marzo de 2013<\/strong>\u00a0cuando <strong>Jorge Bergoglio<\/strong> se convirti\u00f3 en el<strong> Papa Francisco<\/strong>, autom\u00e1ticamente la prensa del mundo orient\u00f3 su mirada hacia <strong>Buenos Aires<\/strong>. Desde entonces, tanto miles de argentinos como turistas de todo el mundo \u00a0llegan hasta la ciudad para conocer la historia del <strong>Papa argentino.<\/strong><\/em><\/p>\n<p style=\"text-align: justify;\"><a ref=\"magnificPopup\" href=\"http:\/\/www.alquilerargentina.com\/blog\/wp-content\/uploads\/2016\/02\/circuito-papal1.jpg\"><img loading=\"lazy\" decoding=\"async\" class=\"alignnone wp-image-10906 size-full\" src=\"http:\/\/www.alquilerargentina.com\/blog\/wp-content\/uploads\/2016\/02\/circuito-papal1.jpg\" alt=\"circuito-papal1\" width=\"785\" height=\"360\" srcset=\"https:\/\/blog3.alquilerargentina.com\/wp-content\/uploads\/2016\/02\/circuito-papal1.jpg 785w, https:\/\/blog3.alquilerargentina.com\/wp-content\/uploads\/2016\/02\/circuito-papal1-300x138.jpg 300w\" sizes=\"(max-width: 785px) 100vw, 785px\" \/><\/a><\/p>\n<p style=\"text-align: justify;\">Para\u00a0conocer\u00a0los lugares donde el nuevo pastor de la<strong> Iglesia Cat\u00f3lica Apost\u00f3lica Romana<\/strong> creci\u00f3, y todo sobre su vida y obra, la\u00a0<span style=\"color: #ff6600;\"><strong><a style=\"color: #ff6600;\" href=\"http:\/\/www.alquilerargentina.com\/Buenos-Aires\/Capital-Federal\/?utm_source=alquilerargentina&amp;utm_medium=blog&amp;utm_campaign=destinos_capitalfederal\" target=\"_blank\">Ciudad de Buenos Aires<\/a><\/strong><\/span> ofrece un <strong><span style=\"color: #ff6600;\">Circuito Papal<\/span> <\/strong>por los lugares m\u00e1s trascendentes de su vida. Podras conocer los barrios de <strong>Flores <\/strong>y<strong> Monserrat<\/strong> y la <strong>Catedral Metropolitana<\/strong>, donde naci\u00f3, pas\u00f3 su infancia y ofici\u00f3 misa durante m\u00e1s de 20 a\u00f1os y mucho m\u00e1s.<\/p>\n<blockquote>\n<p style=\"text-align: justify;\"><span style=\"color: #000000;\"><strong>Nosotros te brindamos toda la informaci\u00f3n necesaria sobre este excelente y \u00fanico paseo para conocer a fondo del sumo pont\u00edfice argentino y disfrutar de la Ciudad de Buenos Aires<em>.<\/em><\/strong><\/span><\/p>\n<\/blockquote>\n<h2 style=\"text-align: justify;\"><span style=\"color: #000000;\"><strong>El recorrido<\/strong><\/span><\/h2>\n<p style=\"text-align: justify;\"><span style=\"color: #333333;\">El<strong> Circuito Papal,<\/strong> creado y organizado por el gobierno porte\u00f1o, consiste en un <strong>recorrido gratuito en bus<\/strong> por lugares que de un modo u otro est\u00e1n conectados con Jorge Bergoglio.<\/span><\/p>\n<p style=\"text-align: justify;\"><span style=\"color: #333333;\">El punto de partida y de llegada es la <strong>Bas\u00edlica de San Jos\u00e9 de Flores<\/strong>. El tour y las explicaciones del gu\u00eda no se limitan solamente a la vida y obra del Papa. Tambi\u00e9n se cuentan an\u00e9cdotas de los barrios y c\u00f3mo transcurr\u00eda la vida all\u00ed hace varios a\u00f1os. Adem\u00e1s hay dos recorridos para hacer caminando, uno de hora y media por<strong>\u00a0Flores<\/strong>\u00a0y otro en <strong>Monserrat.<\/strong><\/span><\/p>\n<p style=\"text-align: justify;\"><span style=\"color: #333333;\">[youtube youtubeurl=\u00bb2027GDqMWEA\u00bb ][\/youtube]<\/span><\/p>\n<h2 style=\"text-align: justify;\"><span style=\"color: #333333;\"><strong>D\u00edas y horarios<\/strong><\/span><\/h2>\n<ul>\n<li style=\"text-align: justify;\"><span style=\"color: #333333;\"><strong>S\u00e1bados, domingos y feriados<\/strong> a las 09 y a las 15 hs. La visita es gratuita y la duraci\u00f3n aproximada es de 3 horas.<\/span><\/li>\n<li style=\"text-align: justify;\"><span style=\"color: #333333;\">Los cupos son limitados. Para poder inscribirte y disfrutar el paseo ten\u00e9s que enviar un mail a <strong>circuitopapal@buenosaires.gob.ar<\/strong>. Ten\u00e9 en cuenta que la visita no se suspende por lluvia.<\/span><\/li>\n<\/ul>\n<p style=\"text-align: justify;\"><span style=\"color: #333333;\">No dejes conocer la historia y los lugares m\u00e1s emblem\u00e1ticos de la ciudad que representan al<strong> Papa Francisco<\/strong>. \u00a1No te lo pierdas!<\/span><\/p>\n<blockquote>\n<h4 style=\"text-align: justify;\"><span style=\"color: #000000;\"><strong><a href=\"http:\/\/www.alquilerargentina.com\/Buenos-Aires\/Capital-Federal\/?utm_source=alquilerargentina&amp;utm_medium=blog&amp;utm_campaign=destinos_capitalfederal\">Encontr\u00e1 alojamientos y ofertas en la Ciudad de Buenos Aires<\/a> \u00a0[button type=\u00bbbd_button btn_small\u00bb url=\u00bbhttp:\/\/www.alquilerargentina.com\/Buenos-Aires\/Capital-Federal\/?utm_source=alquilerargentina&amp;utm_medium=blog&amp;utm_campaign=destinos_capitalfederal\u00bb target=\u00bbon\u00bb button_color_fon=\u00bb#ff8000&#8243; button_text_color=\u00bb#ffffff\u00bb ]ver m\u00e1s[\/button] <\/strong><\/span><\/h4>\n<\/blockquote>\n","protected":false},"excerpt":{"rendered":"<p>Desde el 13 de marzo de 2013\u00a0cuando Jorge Bergoglio se convirti\u00f3 en el Papa Francisco, autom\u00e1ticamente la prensa del mundo orient\u00f3 su mirada hacia Buenos Aires. Desde entonces, tanto miles de argentinos como turistas de todo el mundo \u00a0llegan hasta la ciudad para conocer la historia del Papa argentino. Para\u00a0conocer\u00a0los lugares donde el nuevo pastor&#8230;<\/p>\n","protected":false},"author":1,"featured_media":10905,"comment_status":"open","ping_status":"open","sticky":false,"template":"","format":"standard","meta":{"footnotes":""},"categories":[3588],"tags":[],"_links":{"self":[{"href":"https:\/\/www.alquilerargentina.com\/blog\/wp-json\/wp\/v2\/posts\/10901"}],"collection":[{"href":"https:\/\/www.alquilerargentina.com\/blog\/wp-json\/wp\/v2\/posts"}],"about":[{"href":"https:\/\/www.alquilerargentina.com\/blog\/wp-json\/wp\/v2\/types\/post"}],"author":[{"embeddable":true,"href":"https:\/\/www.alquilerargentina.com\/blog\/wp-json\/wp\/v2\/users\/1"}],"replies":[{"embeddable":true,"href":"https:\/\/www.alquilerargentina.com\/blog\/wp-json\/wp\/v2\/comments?post=10901"}],"version-history":[{"count":9,"href":"https:\/\/www.alquilerargentina.com\/blog\/wp-json\/wp\/v2\/posts\/10901\/revisions"}],"predecessor-version":[{"id":11004,"href":"https:\/\/www.alquilerargentina.com\/blog\/wp-json\/wp\/v2\/posts\/10901\/revisions\/11004"}],"wp:featuredmedia":[{"embeddable":true,"href":"https:\/\/www.alquilerargentina.com\/blog\/wp-json\/wp\/v2\/media\/10905"}],"wp:attachment":[{"href":"https:\/\/www.alquilerargentina.com\/blog\/wp-json\/wp\/v2\/media?parent=10901"}],"wp:term":[{"taxonomy":"category","embeddable":true,"href":"https:\/\/www.alquilerargentina.com\/blog\/wp-json\/wp\/v2\/categories?post=10901"},{"taxonomy":"post_tag","embeddable":true,"href":"https:\/\/www.alquilerargentina.com\/blog\/wp-json\/wp\/v2\/tags?post=10901"}],"curies":[{"name":"wp","href":"https:\/\/api.w.org\/{rel}","templated":true}]}}