{"id":10835,"date":"2016-02-16T09:00:15","date_gmt":"2016-02-16T12:00:15","guid":{"rendered":"http:\/\/www.alquilerargentina.com\/blog\/?p=10835"},"modified":"2016-02-17T10:10:29","modified_gmt":"2016-02-17T13:10:29","slug":"fiesta-nacional-del-sol-en-san-juan-23-al-25-de-febrero","status":"publish","type":"post","link":"https:\/\/www.alquilerargentina.com\/blog\/novedades\/fiesta-nacional-del-sol-en-san-juan-23-al-25-de-febrero.html","title":{"rendered":"Fiesta Nacional del Sol en San Juan &#8211; 23 al 25 de febrero"},"content":{"rendered":"<p style=\"text-align: justify;\">Desde el <strong>23 al 27 de febrero<\/strong>, se llevar\u00e1 a cabo una de las fiestas m\u00e1s hermosas del pa\u00eds. Por lo que se vive, por el lugar, por el sol&#8230; Por <span style=\"color: #ff6600;\"><strong><a style=\"color: #ff6600;\" href=\"http:\/\/www.alquilerargentina.com\/San-Juan\/?utm_source=alquilerargentina&amp;utm_medium=blog&amp;utm_campaign=destinos_sanjuan\" target=\"_blank\">San Juan<\/a><\/strong><span style=\"color: #333333;\">.\u00a0<\/span><\/span>Toda<span style=\"color: #ff6600;\"><strong>\u00a0<\/strong><\/span>la informaci\u00f3n necesaria y las postales de un festejo sin igual: la <span style=\"color: #ff6600;\"><strong>Fiesta Nacional del Sol<\/strong><\/span>.<\/p>\n<h2 style=\"text-align: justify;\">El encuentro con la provincia<\/h2>\n<p style=\"text-align: justify;\">La <strong>Fiesta Nacional del Sol<\/strong>, es una invitaci\u00f3n al encuentro con la identidad de <strong><a href=\"http:\/\/www.alquilerargentina.com\/San-Juan\/?utm_source=alquilerargentina&amp;utm_medium=blog&amp;utm_campaign=destinos_sanjuan\" target=\"_blank\">San Juan<\/a><\/strong>, rindiendo tributo al astro que se relaciona y con la que se relaciona a esta tierra cordillerana. Son cinco d\u00edas donde los festejos son la excusa ideal para unir hechos y protagonistas de la historia sanjuanina, que ayudaron a forjar a su pueblo.<\/p>\n<p style=\"text-align: justify;\">Gastronom\u00eda regional, idiosincrasia de cada\u00a0rinc\u00f3n de la provincia, los artistas con su creatividad y talento, las mujeres con su belleza, le dan m\u00e1s magia a los momentos de color que se viven en la ciudad.<\/p>\n<p style=\"text-align: justify;\"><a ref=\"magnificPopup\" href=\"http:\/\/www.alquilerargentina.com\/blog\/wp-content\/uploads\/2016\/02\/sol.jpg\"><img loading=\"lazy\" decoding=\"async\" class=\"alignnone wp-image-10853 size-full\" src=\"http:\/\/www.alquilerargentina.com\/blog\/wp-content\/uploads\/2016\/02\/sol.jpg\" alt=\"sol\" width=\"785\" height=\"360\" srcset=\"https:\/\/blog3.alquilerargentina.com\/wp-content\/uploads\/2016\/02\/sol.jpg 785w, https:\/\/blog3.alquilerargentina.com\/wp-content\/uploads\/2016\/02\/sol-300x138.jpg 300w\" sizes=\"(max-width: 785px) 100vw, 785px\" \/><\/a><\/p>\n<p style=\"text-align: justify;\">En la <strong>Fiesta Nacional del Sol<\/strong>, existe una <strong>feria<\/strong> de\u00a0m\u00e1s de 40mil metros cuadrados donde ofrecen la mejor tradici\u00f3n culinaria de <strong><a href=\"http:\/\/www.alquilerargentina.com\/San-Juan\/?utm_source=alquilerargentina&amp;utm_medium=blog&amp;utm_campaign=destinos_sanjuan\" target=\"_blank\">San Juan<\/a><\/strong>. El acompa\u00f1amiento, claro est\u00e1, de los platos son los mejores vinos,\u00a0dando placeres al paladar y a todos los sentidos.<\/p>\n<p style=\"text-align: justify;\">Se complementa con la exposici\u00f3n de productos reegionales, agr\u00edcolas e industriales y en otro sector, unas 10mil personas pueden disfrutar de un espect\u00e1culo de excelente nivel. Es as\u00ed que los presentes podr\u00e1n disfrutar de artistas como <strong>Catupecu Machu, Las Pelotas, Abel Pintos, Banda XXI<\/strong> y el plato fuerte, que ser\u00e1 la actuaci\u00f3n de <strong>Ricky Martin<\/strong>.<\/p>\n<h2 style=\"text-align: justify;\">El Sol pasea en carrusel<\/h2>\n<p style=\"text-align: justify;\">El <strong>Carrusel del Sol<\/strong>, encanta las calles y las viste de los mejores colores en un recorrido de 2 km. M\u00e1s de veinticinco carruajes representan la tem\u00e1tica de la fiesta, que es expuesta por los 19 departamentos de la provincia y de las colectividades extranjeras que tambi\u00e9n tienen su lugar.<\/p>\n<p style=\"text-align: justify;\"><a ref=\"magnificPopup\" href=\"http:\/\/www.alquilerargentina.com\/blog\/wp-content\/uploads\/2016\/02\/11.jpg\"><img loading=\"lazy\" decoding=\"async\" class=\"alignnone wp-image-10851 size-full\" src=\"http:\/\/www.alquilerargentina.com\/blog\/wp-content\/uploads\/2016\/02\/11.jpg\" alt=\"1\" width=\"785\" height=\"360\" srcset=\"https:\/\/blog3.alquilerargentina.com\/wp-content\/uploads\/2016\/02\/11.jpg 785w, https:\/\/blog3.alquilerargentina.com\/wp-content\/uploads\/2016\/02\/11-300x138.jpg 300w\" sizes=\"(max-width: 785px) 100vw, 785px\" \/><\/a><\/p>\n<p style=\"text-align: justify;\">Los encabezan las candidatas a <strong>Reina Nacional del Sol\u00a0<\/strong>y los acompa\u00f1an bailarines con trajes llamativos, murgas, comparsas y las mejores m\u00e1scaras. Este se llevar\u00e1 a cabo el d\u00eda 26 de febrero y un d\u00eda despu\u00e9s se elige la Reina. Ellas comparten escenario co los 300 artistas que compondr\u00e1n cuadros coreogr\u00e1ficos donde cobrar\u00e1n vida hechos y costumbres de la historia. Este a\u00f1o el <strong>\u00abBicentenario de la Independencia Nacional\u00bb<\/strong> ser\u00e1 el eje y con \u00e9l, los festejos y espect\u00e1culos de luz, color y sonido.<\/p>\n<p style=\"text-align: justify;\"><a ref=\"magnificPopup\" href=\"http:\/\/www.alquilerargentina.com\/blog\/wp-content\/uploads\/2016\/02\/anfi.jpg\"><img loading=\"lazy\" decoding=\"async\" class=\"alignnone wp-image-10852 size-full\" src=\"http:\/\/www.alquilerargentina.com\/blog\/wp-content\/uploads\/2016\/02\/anfi.jpg\" alt=\"anfi\" width=\"785\" height=\"360\" srcset=\"https:\/\/blog3.alquilerargentina.com\/wp-content\/uploads\/2016\/02\/anfi.jpg 785w, https:\/\/blog3.alquilerargentina.com\/wp-content\/uploads\/2016\/02\/anfi-300x138.jpg 300w\" sizes=\"(max-width: 785px) 100vw, 785px\" \/><\/a><\/p>\n<p style=\"text-align: justify;\">La m\u00e1s hermosa es elegida, entre las representantes de cada departamento. Todo es belleza\u00a0en ese momento. Un cierre de rayos l\u00e1ser y fuegos artificiales, que iluminan un escenario de m\u00e1s de 2.500 m2, en un anfiteatro natural que es abrazado por las monta\u00f1as, para hacer todo mucho m\u00e1s emocionante y maravilloso.<\/p>\n<blockquote>\n<h4 style=\"text-align: justify;\"><span style=\"color: #000000;\"><strong><a href=\"http:\/\/www.alquilerargentina.com\/San-Juan\/?utm_source=alquilerargentina&amp;utm_medium=blog&amp;utm_campaign=destinos_sanjuan\">Alquileres temporarios en San Juan para viajar a ser parte del Festival del Sol<\/a>\u00a0 \u00a0 [button type=\u00bbbd_button btn_small\u00bb url=\u00bbhttp:\/\/www.alquilerargentina.com\/San-Juan\/?utm_source=alquilerargentina&amp;utm_medium=blog&amp;utm_campaign=destinos_sanjuan\u00bb target=\u00bbon\u00bb button_color_fon=\u00bb#ff8000&#8243; button_text_color=\u00bb#ffffff\u00bb ]click aqu\u00ed[\/button] <\/strong><\/span><\/h4>\n<\/blockquote>\n","protected":false},"excerpt":{"rendered":"<p>Desde el 23 al 27 de febrero, se llevar\u00e1 a cabo una de las fiestas m\u00e1s hermosas del pa\u00eds. Por lo que se vive, por el lugar, por el sol&#8230; Por San Juan.\u00a0Toda\u00a0la informaci\u00f3n necesaria y las postales de un festejo sin igual: la Fiesta Nacional del Sol. El encuentro con la provincia La Fiesta&#8230;<\/p>\n","protected":false},"author":1,"featured_media":10839,"comment_status":"open","ping_status":"open","sticky":false,"template":"","format":"standard","meta":{"footnotes":""},"categories":[55],"tags":[],"_links":{"self":[{"href":"https:\/\/www.alquilerargentina.com\/blog\/wp-json\/wp\/v2\/posts\/10835"}],"collection":[{"href":"https:\/\/www.alquilerargentina.com\/blog\/wp-json\/wp\/v2\/posts"}],"about":[{"href":"https:\/\/www.alquilerargentina.com\/blog\/wp-json\/wp\/v2\/types\/post"}],"author":[{"embeddable":true,"href":"https:\/\/www.alquilerargentina.com\/blog\/wp-json\/wp\/v2\/users\/1"}],"replies":[{"embeddable":true,"href":"https:\/\/www.alquilerargentina.com\/blog\/wp-json\/wp\/v2\/comments?post=10835"}],"version-history":[{"count":11,"href":"https:\/\/www.alquilerargentina.com\/blog\/wp-json\/wp\/v2\/posts\/10835\/revisions"}],"predecessor-version":[{"id":10896,"href":"https:\/\/www.alquilerargentina.com\/blog\/wp-json\/wp\/v2\/posts\/10835\/revisions\/10896"}],"wp:featuredmedia":[{"embeddable":true,"href":"https:\/\/www.alquilerargentina.com\/blog\/wp-json\/wp\/v2\/media\/10839"}],"wp:attachment":[{"href":"https:\/\/www.alquilerargentina.com\/blog\/wp-json\/wp\/v2\/media?parent=10835"}],"wp:term":[{"taxonomy":"category","embeddable":true,"href":"https:\/\/www.alquilerargentina.com\/blog\/wp-json\/wp\/v2\/categories?post=10835"},{"taxonomy":"post_tag","embeddable":true,"href":"https:\/\/www.alquilerargentina.com\/blog\/wp-json\/wp\/v2\/tags?post=10835"}],"curies":[{"name":"wp","href":"https:\/\/api.w.org\/{rel}","templated":true}]}}